{"id":435351,"date":"2016-10-15T17:29:53","date_gmt":"2016-10-15T22:29:53","guid":{"rendered":"https:\/\/www.futboltotal.com.mx\/?p=435351"},"modified":"2016-10-15T18:52:59","modified_gmt":"2016-10-15T23:52:59","slug":"en-vivo-chiapas-vs-monterrey-liga-mx","status":"publish","type":"post","link":"http:\/\/desarrollo.grupomedios.com\/futbol\/futbol-mexicano\/en-vivo-chiapas-vs-monterrey-liga-mx\/2016\/10","title":{"rendered":"AS\u00cd SE VIVI\u00d3| Chiapas 1-4 Monterrey | Liga MX"},"content":{"rendered":"<p><a class=\"twitter-timeline\" href=\"https:\/\/twitter.com\/search?q=from%3AChiapas_FC%2C%20OR%20from%3ARayados\" data-widget-id=\"787408681147113472\">Tweets sobre from:Chiapas_FC, OR from:Rayados<\/a><br \/>\n<script>!function(d,s,id){var js,fjs=d.getElementsByTagName(s)[0],p=\/^http:\/.test(d.location)?'http':'https';if(!d.getElementById(id)){js=d.createElement(s);js.id=id;js.src=p+\":\/\/platform.twitter.com\/widgets.js\";fjs.parentNode.insertBefore(js,fjs);}}(document,\"script\",\"twitter-wjs\");<\/script><\/p>\n<p>El primer duelo de la jornada sabatina, ser\u00e1 el <strong><a href=\"http:\/\/www.futboltotal.com.mx\/equipos\/chiapas\/\" target=\"_blank\">Chiapas<\/a> vs <a href=\"http:\/\/www.futboltotal.com.mx\/equipos\/monterrey\/\" target=\"_blank\">Monterrey<\/a><\/strong>, que dar\u00e1 inicio a las 17:00 horas en el estadio V\u00edctor Manuel Reyna, donde el Jaguar intentar\u00e1 dar sus primeros pasos positivos, en el Apertura 2016, que hasta el momento, ha sido una campa\u00f1a para el olvido.<\/p>\n<p><strong>Chiapas<\/strong> no ha podido ser el equipo que alguna vez caus\u00f3 sensaci\u00f3n en la Liga MX, incluso con Ricardo La Volpe, vivi\u00f3 su \u00faltima etapa brillante, hace tan solo un a\u00f1o, donde lleg\u00f3 a la liguilla, pero fue eliminado por Tigres, quien se consagr\u00f3 campe\u00f3n del torneo.<\/p>\n<p>\u201cIntensificamos la preparaci\u00f3n del equipo, donde trabajamos m\u00e1s fuerte pretendiendo nivelar a toda la plantilla y creo que fueron dos semanas muy provechosas donde estuvo de por medio un partido de preparaci\u00f3n, as\u00ed que ha sido muy significativa esta etapa y pr\u00e1cticamente estamos listos, ha habido una aceptaci\u00f3n y dedicaci\u00f3n del plantel por el trabajo, porque estamos mejor que antes y ya deseosos de que llegue el s\u00e1bado para enfrentar a <em>Rayados<\/em>\u201d, se\u00f1al\u00f3 Sergio Bueno, en conferencia previo al encuentro.<\/p>\n<p>Por su parte <strong>Monterrey<\/strong>, tampoco ha tenido su mejor campa\u00f1a, pero espera que el mal sabor de Concachampions haya quedado en el pasado, para vencer al <em>Jaguar<\/em> y enfilarse hacia la liguilla en el cierre de torneo.<\/p>\n<p><strong>Chiapas vs Monterrey<\/strong>, \u00bfqui\u00e9n ganar\u00e1 este partido, <em>cracks<\/em>?<\/p>\n","protected":false},"excerpt":{"rendered":"<p>El jaguar sigue sin levantar la cara<\/p>\n","protected":false},"author":20,"featured_media":435830,"comment_status":"closed","ping_status":"closed","sticky":false,"template":"","format":"standard","meta":[],"categories":[2198,3845],"tags":[5964,5966],"_links":{"self":[{"href":"http:\/\/desarrollo.grupomedios.com\/futbol\/wp-json\/wp\/v2\/posts\/435351"}],"collection":[{"href":"http:\/\/desarrollo.grupomedios.com\/futbol\/wp-json\/wp\/v2\/posts"}],"about":[{"href":"http:\/\/desarrollo.grupomedios.com\/futbol\/wp-json\/wp\/v2\/types\/post"}],"author":[{"embeddable":true,"href":"http:\/\/desarrollo.grupomedios.com\/futbol\/wp-json\/wp\/v2\/users\/20"}],"replies":[{"embeddable":true,"href":"http:\/\/desarrollo.grupomedios.com\/futbol\/wp-json\/wp\/v2\/comments?post=435351"}],"version-history":[{"count":0,"href":"http:\/\/desarrollo.grupomedios.com\/futbol\/wp-json\/wp\/v2\/posts\/435351\/revisions"}],"wp:featuredmedia":[{"embeddable":true,"href":"http:\/\/desarrollo.grupomedios.com\/futbol\/wp-json\/wp\/v2\/media\/435830"}],"wp:attachment":[{"href":"http:\/\/desarrollo.grupomedios.com\/futbol\/wp-json\/wp\/v2\/media?parent=435351"}],"wp:term":[{"taxonomy":"category","embeddable":true,"href":"http:\/\/desarrollo.grupomedios.com\/futbol\/wp-json\/wp\/v2\/categories?post=435351"},{"taxonomy":"post_tag","embeddable":true,"href":"http:\/\/desarrollo.grupomedios.com\/futbol\/wp-json\/wp\/v2\/tags?post=435351"}],"curies":[{"name":"wp","href":"https:\/\/api.w.org\/{rel}","templated":true}]}}