{"id":435371,"date":"2016-10-12T20:37:05","date_gmt":"2016-10-13T01:37:05","guid":{"rendered":"https:\/\/www.futboltotal.com.mx\/?p=435371"},"modified":"2016-10-12T20:37:05","modified_gmt":"2016-10-13T01:37:05","slug":"cumpleanero-olvido-la-liga-mx","status":"publish","type":"post","link":"http:\/\/desarrollo.grupomedios.com\/futbol\/futbol-mexicano\/cumpleanero-olvido-la-liga-mx\/2016\/10","title":{"rendered":"El cumplea\u00f1ero olvidado por la Liga MX"},"content":{"rendered":"<p>Este 12 de octubre, no s\u00f3lo se dio el cumplea\u00f1os del Am\u00e9rica, sino que se conmemora el 524 aniversario del descubrimiento del continente, en una celebraci\u00f3n tambi\u00e9n conocida, como el <strong>D\u00eda de la Raza<\/strong>.<\/p>\n<p>Pero el mundo del deporte no se acord\u00f3 del descubrimiento de Am\u00e9rica, debido al cumplea\u00f1os del equipo mexicano con m\u00e1s t\u00edtulos en la <strong>Liga MX<\/strong> y que se llama igual que el continente, y tambi\u00e9n, por el partido por la Paz, organizado por El Vaticano y donde participaron tres ex futbolistas mexicanos.<\/p>\n<p>S\u00f3lo algunos equipos de la <strong>Liga MX<\/strong> recordaron el D\u00eda de la Raza, entre ellos, los <a href=\"http:\/\/www.futboltotal.com.mx\/equipos\/necaxa\/\" target=\"_blank\"><strong>Rayos del Necaxa<\/strong> <\/a>y los <a href=\"http:\/\/www.futboltotal.com.mx\/equipos\/pachuca\/\" target=\"_blank\"><strong>Tuzos del Pachuca<\/strong><\/a>, que compartieron una imagen especial, relacionada con el suceso que marc\u00f3 la historia del contienente y el personaje que protagoniz\u00f3 el acontecimiento.<\/p>\n<p style=\"text-align: center;\"><span style=\"color: #3366ff;\"><a style=\"color: #3366ff;\" href=\"https:\/\/www.futboltotal.com.mx\/2016\/10\/famosos-aficionados-del-america\/\" target=\"_blank\"><strong>LEER M\u00c1S: Famosos que le van al Am\u00e9rica<\/strong><\/a><\/span><\/p>\n<blockquote class=\"twitter-tweet\" data-lang=\"es\">\n<p dir=\"ltr\" lang=\"es\">\u00a1Buen mi\u00e9rcoles, Rayos! El d\u00eda de hoy conmemoramos el descubrimiento de nuestro continente <a href=\"https:\/\/twitter.com\/hashtag\/D%C3%ADaDeLaRaza?src=hash\">#D\u00edaDeLaRaza<\/a> <a href=\"https:\/\/twitter.com\/hashtag\/FuerzaRayos?src=hash\">#FuerzaRayos<\/a> <a href=\"https:\/\/t.co\/p52Vkr422n\">pic.twitter.com\/p52Vkr422n<\/a><\/p>\n<p>\u2014 Club Necaxa (@ClubNecaxa) <a href=\"https:\/\/twitter.com\/ClubNecaxa\/status\/786210871718481921\">12 de octubre de 2016<\/a><\/p><\/blockquote>\n<p><script async src=\"\/\/platform.twitter.com\/widgets.js\" charset=\"utf-8\"><\/script><\/p>\n<blockquote class=\"twitter-tweet\" data-lang=\"es\">\n<p dir=\"ltr\" lang=\"es\"><a href=\"https:\/\/twitter.com\/hashtag\/UnD%C3%ADaEnLaHisT%C3%8DOria?src=hash\">#UnD\u00edaEnLaHisT\u00cdOria<\/a> Tras una expedici\u00f3n que parti\u00f3 2 meses atr\u00e1s , Crist\u00f3bal Col\u00f3n lleg\u00f3 a la isla de Guanahan\u00ed. <a href=\"https:\/\/twitter.com\/hashtag\/El%C3%9AnicoEnMi?src=hash\">#El\u00danicoEnMi<\/a> <a href=\"https:\/\/t.co\/YBquNXoAc2\">pic.twitter.com\/YBquNXoAc2<\/a><\/p>\n<p>\u2014 Club Pachuca (@Tuzos) <a href=\"https:\/\/twitter.com\/Tuzos\/status\/786348312941199360\">12 de octubre de 2016<\/a><\/p><\/blockquote>\n<p><script async src=\"\/\/platform.twitter.com\/widgets.js\" charset=\"utf-8\"><\/script><\/p>\n<p>Cabe destacar, que Pumas, Cruz Azul y Chivas no festejaron al Am\u00e9rica en su cumplea\u00f1os n\u00famero 100, para demostrar que la enemistad, no se olvida, ni siquiera fuera de la cancha.<\/p>\n","protected":false},"excerpt":{"rendered":"<p>El 12 de octubre se conmemora un hecho hist\u00f3rico<\/p>\n","protected":false},"author":20,"featured_media":435372,"comment_status":"closed","ping_status":"closed","sticky":false,"template":"","format":"standard","meta":[],"categories":[5419,2198,3845],"tags":[5460,261,5968],"_links":{"self":[{"href":"http:\/\/desarrollo.grupomedios.com\/futbol\/wp-json\/wp\/v2\/posts\/435371"}],"collection":[{"href":"http:\/\/desarrollo.grupomedios.com\/futbol\/wp-json\/wp\/v2\/posts"}],"about":[{"href":"http:\/\/desarrollo.grupomedios.com\/futbol\/wp-json\/wp\/v2\/types\/post"}],"author":[{"embeddable":true,"href":"http:\/\/desarrollo.grupomedios.com\/futbol\/wp-json\/wp\/v2\/users\/20"}],"replies":[{"embeddable":true,"href":"http:\/\/desarrollo.grupomedios.com\/futbol\/wp-json\/wp\/v2\/comments?post=435371"}],"version-history":[{"count":0,"href":"http:\/\/desarrollo.grupomedios.com\/futbol\/wp-json\/wp\/v2\/posts\/435371\/revisions"}],"wp:featuredmedia":[{"embeddable":true,"href":"http:\/\/desarrollo.grupomedios.com\/futbol\/wp-json\/wp\/v2\/media\/435372"}],"wp:attachment":[{"href":"http:\/\/desarrollo.grupomedios.com\/futbol\/wp-json\/wp\/v2\/media?parent=435371"}],"wp:term":[{"taxonomy":"category","embeddable":true,"href":"http:\/\/desarrollo.grupomedios.com\/futbol\/wp-json\/wp\/v2\/categories?post=435371"},{"taxonomy":"post_tag","embeddable":true,"href":"http:\/\/desarrollo.grupomedios.com\/futbol\/wp-json\/wp\/v2\/tags?post=435371"}],"curies":[{"name":"wp","href":"https:\/\/api.w.org\/{rel}","templated":true}]}}