{"id":435403,"date":"2016-10-13T10:19:38","date_gmt":"2016-10-13T15:19:38","guid":{"rendered":"https:\/\/www.futboltotal.com.mx\/?p=435403"},"modified":"2016-10-13T13:41:21","modified_gmt":"2016-10-13T18:41:21","slug":"real-madrid-prepara-la-impresionante-renovacion-cristiano","status":"publish","type":"post","link":"http:\/\/desarrollo.grupomedios.com\/futbol\/futbol-internacional\/real-madrid-prepara-la-impresionante-renovacion-cristiano\/2016\/10","title":{"rendered":"Real Madrid alista impresionante renovaci\u00f3n de Cristiano"},"content":{"rendered":"<p>Parece que para <a href=\"https:\/\/www.futboltotal.com.mx\/2016\/10\/cristiano-ronaldo-se-mofa-ferdinand\/\" target=\"_blank\"><strong>Cristiano<\/strong> Ronaldo<\/a> ha llegado un momento crucial dentro de su paso por el Real Madrid: el momento de la que podr\u00eda ser su \u00faltima renovaci\u00f3n de contrato con el equipo.<\/p>\n<p>El crack portugu\u00e9s est\u00e1 viviendo su octava temporada con el cuadro Merengue, en la que ha sido una etapa claramente triunfal, tanto por los \u00e9xitos colectivos (ha ganado ya dos <em>Champions League<\/em> con el Madrid) como por los alcances que ha tenido <strong>Cristiano<\/strong> en el terreno individual.<\/p>\n<p style=\"text-align: center;\"><a href=\"https:\/\/www.futboltotal.com.mx\/2016\/09\/se-estrella-avion-cristiano-ronaldo\/\" target=\"_blank\"><span style=\"color: #3366ff;\">LEER M\u00c1S: Se estrella avi\u00f3n de Cristiano Ronaldo<\/span><\/a><\/p>\n<p><em>CR7<\/em> es ya el m\u00e1ximo goleador en la historia de los Merengues, algo que, si de por s\u00ed es notable, resulta a\u00fan m\u00e1s impresionante al tratarse de un equipo que ha contado entre sus filas a goleadores de la talla de Ra\u00fal Gonz\u00e1lez, Alfredo Di St\u00e9fano y Hugo S\u00e1nchez.<\/p>\n<p>Ahora, seg\u00fan la prensa espa\u00f1ol, el agente de <strong>Cristiano<\/strong>, Jorge Mendes, est\u00e1 negociando con el cuadro de Chamart\u00edn la extensi\u00f3n del contrato portugu\u00e9s <a href=\"https:\/\/www.futboltotal.com.mx\/2016\/10\/kroos-le-pone-fecha-a-retiro\/\" target=\"_blank\">(algo que el Madrid ya hizo con Toni Kroos)<\/a>, con la intenci\u00f3n de que sea el \u00faltimo que realice en el futbol europeo.<\/p>\n<p style=\"text-align: center;\"><a href=\"https:\/\/www.futboltotal.com.mx\/2016\/10\/real-madrid-pierde-a-sergio-ramos\/\" target=\"_blank\"><span style=\"color: #3366ff;\">LEER M\u00c1S: Real Madrid pierde a Sergio Ramos<\/span><\/a><\/p>\n<p>De acuerdo con Sport, Mendes est\u00e1 intentando que el v\u00ednculo una a jugador y club hasta 2021. Es decir, la intenci\u00f3n es que el 7 Blanco permanezca en el club hasta que tenga 36 a\u00f1os.<\/p>\n<p>Por su parte, Cuatro reporta que si el acuerdo se concreta, el goleador portugu\u00e9s ganar\u00eda cerca de 23 millones de euros por campa\u00f1a. Eso se traduce en un dato alucinante: <strong>Cristiano<\/strong> ganar\u00eda cerca de 63,000 euros por d\u00eda.<\/p>\n<p>Sport adelanta que el acuerdo entre el club de la capital espa\u00f1ola y su estrella podr\u00eda hacerse oficial en dos o tres semanas.<\/p>\n","protected":false},"excerpt":{"rendered":"<p>Los Merengues trabajan en un nuevo contrato para el crack portugu\u00e9s<\/p>\n","protected":false},"author":20,"featured_media":429034,"comment_status":"closed","ping_status":"closed","sticky":false,"template":"","format":"standard","meta":[],"categories":[3839,3844,5951],"tags":[1496,7264,6013,847,5988],"_links":{"self":[{"href":"http:\/\/desarrollo.grupomedios.com\/futbol\/wp-json\/wp\/v2\/posts\/435403"}],"collection":[{"href":"http:\/\/desarrollo.grupomedios.com\/futbol\/wp-json\/wp\/v2\/posts"}],"about":[{"href":"http:\/\/desarrollo.grupomedios.com\/futbol\/wp-json\/wp\/v2\/types\/post"}],"author":[{"embeddable":true,"href":"http:\/\/desarrollo.grupomedios.com\/futbol\/wp-json\/wp\/v2\/users\/20"}],"replies":[{"embeddable":true,"href":"http:\/\/desarrollo.grupomedios.com\/futbol\/wp-json\/wp\/v2\/comments?post=435403"}],"version-history":[{"count":0,"href":"http:\/\/desarrollo.grupomedios.com\/futbol\/wp-json\/wp\/v2\/posts\/435403\/revisions"}],"wp:featuredmedia":[{"embeddable":true,"href":"http:\/\/desarrollo.grupomedios.com\/futbol\/wp-json\/wp\/v2\/media\/429034"}],"wp:attachment":[{"href":"http:\/\/desarrollo.grupomedios.com\/futbol\/wp-json\/wp\/v2\/media?parent=435403"}],"wp:term":[{"taxonomy":"category","embeddable":true,"href":"http:\/\/desarrollo.grupomedios.com\/futbol\/wp-json\/wp\/v2\/categories?post=435403"},{"taxonomy":"post_tag","embeddable":true,"href":"http:\/\/desarrollo.grupomedios.com\/futbol\/wp-json\/wp\/v2\/tags?post=435403"}],"curies":[{"name":"wp","href":"https:\/\/api.w.org\/{rel}","templated":true}]}}