{"id":435453,"date":"2016-10-13T13:32:24","date_gmt":"2016-10-13T18:32:24","guid":{"rendered":"https:\/\/www.futboltotal.com.mx\/?p=435453"},"modified":"2016-10-13T13:34:32","modified_gmt":"2016-10-13T18:34:32","slug":"monaco-sigue-en-alerta-falcao","status":"publish","type":"post","link":"http:\/\/desarrollo.grupomedios.com\/futbol\/futbol-internacional\/monaco-sigue-en-alerta-falcao\/2016\/10","title":{"rendered":"Falcao, sin jugar hasta nuevo aviso"},"content":{"rendered":"<p>El atacante colombiano del M\u00f3naco,\u00a0<strong>Radamel Falcao<\/strong>, sigue entre algodones y regresar\u00e1 a las canchas hasta nuevo aviso, a pesar de que evoluciona positivamente al traumatismo craneano que le dej\u00f3 fuera de actividad desde el pasado 21 de septiembre.<\/p>\n<p>El club monegasco indic\u00f3 a trav\u00e9s de un comunicado que<strong> Falcao<\/strong> no puede tener actividad en la reanudaci\u00f3n de la Ligue 1 ante el Tolouse &#8220;por medida de precauci\u00f3n&#8221;. El equipo no precis\u00f3 si el <em>Tigre<\/em> estar\u00e1 disponible para la expedici\u00f3n a Mosc\u00fa, donde el pr\u00f3ximo martes enfrentar\u00e1n al CSKA.<\/p>\n<p style=\"text-align: center;\"><a href=\"https:\/\/www.futboltotal.com.mx\/futbol-internacional\/\"><span style=\"color: #3366ff;\"><strong>LEER M\u00c1S: Todas las noticias de futbol internacional<\/strong><\/span><\/a><\/p>\n<p>El atacante colombiano, que tampoco tuvo participaci\u00f3n con su selecci\u00f3n en las eliminatorias mundialistas, fue sometido este mi\u00e9rcoles\u00a0a un examen neurol\u00f3gico que revel\u00f3 &#8220;una evoluci\u00f3n positiva&#8221; de sus problemas f\u00edsicos.<\/p>\n<p><strong>Falcao<\/strong> sufri\u00f3 un traumatismo craneal en el duelo contra el Niza que le oblig\u00f3 a abandonar el terreno de juego.\u00a0Desde entonces, los m\u00e9dicos que le tratan han sido muy prudentes sobre la evoluci\u00f3n de su lesi\u00f3n.<\/p>\n<p>El jugador comenz\u00f3 a ejercitarse de forma parcial con el equipo a principios de esta semana, pero como su recuperaci\u00f3n no es completa el cuerpo t\u00e9cnico ha optado por mantenerle al margen de la competici\u00f3n por el momento.<\/p>\n","protected":false},"excerpt":{"rendered":"<p>El M\u00f3naco sigue en alerta por el estado f\u00edsico del delantero colombiano<\/p>\n","protected":false},"author":20,"featured_media":435460,"comment_status":"closed","ping_status":"closed","sticky":false,"template":"","format":"standard","meta":[],"categories":[3839,5951],"tags":[6093,652],"_links":{"self":[{"href":"http:\/\/desarrollo.grupomedios.com\/futbol\/wp-json\/wp\/v2\/posts\/435453"}],"collection":[{"href":"http:\/\/desarrollo.grupomedios.com\/futbol\/wp-json\/wp\/v2\/posts"}],"about":[{"href":"http:\/\/desarrollo.grupomedios.com\/futbol\/wp-json\/wp\/v2\/types\/post"}],"author":[{"embeddable":true,"href":"http:\/\/desarrollo.grupomedios.com\/futbol\/wp-json\/wp\/v2\/users\/20"}],"replies":[{"embeddable":true,"href":"http:\/\/desarrollo.grupomedios.com\/futbol\/wp-json\/wp\/v2\/comments?post=435453"}],"version-history":[{"count":0,"href":"http:\/\/desarrollo.grupomedios.com\/futbol\/wp-json\/wp\/v2\/posts\/435453\/revisions"}],"wp:featuredmedia":[{"embeddable":true,"href":"http:\/\/desarrollo.grupomedios.com\/futbol\/wp-json\/wp\/v2\/media\/435460"}],"wp:attachment":[{"href":"http:\/\/desarrollo.grupomedios.com\/futbol\/wp-json\/wp\/v2\/media?parent=435453"}],"wp:term":[{"taxonomy":"category","embeddable":true,"href":"http:\/\/desarrollo.grupomedios.com\/futbol\/wp-json\/wp\/v2\/categories?post=435453"},{"taxonomy":"post_tag","embeddable":true,"href":"http:\/\/desarrollo.grupomedios.com\/futbol\/wp-json\/wp\/v2\/tags?post=435453"}],"curies":[{"name":"wp","href":"https:\/\/api.w.org\/{rel}","templated":true}]}}