{"id":435511,"date":"2016-10-13T15:56:05","date_gmt":"2016-10-13T20:56:05","guid":{"rendered":"https:\/\/www.futboltotal.com.mx\/?p=435511"},"modified":"2016-10-13T15:56:05","modified_gmt":"2016-10-13T20:56:05","slug":"maradona-vs-veron-el-origen-de-la-rivalidad","status":"publish","type":"post","link":"http:\/\/desarrollo.grupomedios.com\/futbol\/futbol-internacional\/maradona-vs-veron-el-origen-de-la-rivalidad\/2016\/10","title":{"rendered":"Maradona vs Ver\u00f3n, el origen de la rivalidad"},"content":{"rendered":"<p>Los argentinos <strong>Diego Armando Maradona<\/strong> y <strong>Juan Sebasti\u00e1n Ver\u00f3n<\/strong>, que participaron en el partido para la paz en Roma, tuvieron un altercado al finalizar la primera mitad y reavivaron pol\u00e9micas que comenzaron en el Mundial de Sud\u00e1frica 2010.<\/p>\n<p>Los dos futbolistas acudieron ayer a un partido ben\u00e9fico promovido por el papa Francisco pero, a pesar de que se desarroll\u00f3 en un clima de unidad y amistad entre todos los participantes, <strong>Maradona<\/strong> y <strong>Ver\u00f3n<\/strong> se evitaron a lo largo de todo el encuentro y hasta tuvieron una peque\u00f1a ri\u00f1a antes del descanso.<\/p>\n<p>En las im\u00e1genes del duelo es posible ver a <strong>Maradona<\/strong> acercarse inicialmente sonriendo a su compatriota hasta que la discusi\u00f3n deriva en un enfrentamiento m\u00e1s tenso, con gestos y reproches.<\/p>\n<p style=\"text-align: center;\"><span style=\"color: #3366ff;\"><a style=\"color: #3366ff;\" href=\"https:\/\/www.futboltotal.com.mx\/2016\/10\/hermosillo-presume-foto-idolo-dario-la-bruja-veron\/\" target=\"_blank\"><strong>LEER M\u00c1S: Hermosillo se encuentra con la Brujita, pero lo confunde&#8230;<\/strong><\/a><\/span><\/p>\n<p>El altercado, particularmente fuera de lugar considerando que se trataba de un partido ben\u00e9fico, reaviv\u00f3 rencillas pasadas entre <strong>Maradona<\/strong> y <strong>Ver\u00f3n<\/strong> que se remontan al Mundial de Sud\u00e1frica de 2010.<\/p>\n<p>En ese a\u00f1o, el <em>Pibe de Oro<\/em> era el seleccionador de <strong>Argentina<\/strong> y se pele\u00f3 con el entonces centrocampista cuando Ver\u00f3n no le perdon\u00f3 haberle dejado en el banquillo en los octavos y en los cuartos de final, donde la <em>albiceleste<\/em> cay\u00f3 eliminada por Alemania tras un contundente 4-0.<\/p>\n<p>Desde entonces, los dos futbolistas no han vuelto a tener una buena relaci\u00f3n e incluso recientemente protagonizaron un altercado tras las dimisiones del argentino Gerardo Tata Martino como seleccionador de la albiceleste.<\/p>\n<p><em>Brujita<\/em> Ver\u00f3n fue elegido por la Federaci\u00f3n argentina para dar su opini\u00f3n en la elecci\u00f3n del nuevo cuerpo t\u00e9cnico, lo que no gust\u00f3 a <strong>Maradona<\/strong>, que puso en duda sus competencias como directivo<\/p>\n","protected":false},"excerpt":{"rendered":"<p>La enemistad entre ex futbolistas, se remonta a Sud\u00e1frica<\/p>\n","protected":false},"author":144,"featured_media":435514,"comment_status":"closed","ping_status":"closed","sticky":false,"template":"","format":"standard","meta":[],"categories":[3839,5951],"tags":[5996,1465,4034],"_links":{"self":[{"href":"http:\/\/desarrollo.grupomedios.com\/futbol\/wp-json\/wp\/v2\/posts\/435511"}],"collection":[{"href":"http:\/\/desarrollo.grupomedios.com\/futbol\/wp-json\/wp\/v2\/posts"}],"about":[{"href":"http:\/\/desarrollo.grupomedios.com\/futbol\/wp-json\/wp\/v2\/types\/post"}],"author":[{"embeddable":true,"href":"http:\/\/desarrollo.grupomedios.com\/futbol\/wp-json\/wp\/v2\/users\/144"}],"replies":[{"embeddable":true,"href":"http:\/\/desarrollo.grupomedios.com\/futbol\/wp-json\/wp\/v2\/comments?post=435511"}],"version-history":[{"count":0,"href":"http:\/\/desarrollo.grupomedios.com\/futbol\/wp-json\/wp\/v2\/posts\/435511\/revisions"}],"wp:featuredmedia":[{"embeddable":true,"href":"http:\/\/desarrollo.grupomedios.com\/futbol\/wp-json\/wp\/v2\/media\/435514"}],"wp:attachment":[{"href":"http:\/\/desarrollo.grupomedios.com\/futbol\/wp-json\/wp\/v2\/media?parent=435511"}],"wp:term":[{"taxonomy":"category","embeddable":true,"href":"http:\/\/desarrollo.grupomedios.com\/futbol\/wp-json\/wp\/v2\/categories?post=435511"},{"taxonomy":"post_tag","embeddable":true,"href":"http:\/\/desarrollo.grupomedios.com\/futbol\/wp-json\/wp\/v2\/tags?post=435511"}],"curies":[{"name":"wp","href":"https:\/\/api.w.org\/{rel}","templated":true}]}}