{"id":435568,"date":"2016-10-13T19:10:55","date_gmt":"2016-10-14T00:10:55","guid":{"rendered":"https:\/\/www.futboltotal.com.mx\/?p=435568"},"modified":"2016-10-13T19:41:05","modified_gmt":"2016-10-14T00:41:05","slug":"mano-a-mano-zague-maximo-goleador-del-america","status":"publish","type":"post","link":"http:\/\/desarrollo.grupomedios.com\/futbol\/videos\/mano-a-mano-zague-maximo-goleador-del-america\/2016\/10","title":{"rendered":"Zague, una leyenda leg\u00edtima del Am\u00e9rica"},"content":{"rendered":"<p><em>Por: Joel Camacho y Aldo P\u00e9rez<\/em><\/p>\n<p>Los goles que <strong>Zague<\/strong> hizo por racimos para el <a href=\"http:\/\/www.futboltotal.com.mx\/equipos\/america\/\" target=\"_blank\"><strong>Am\u00e9rica<\/strong><\/a>, le dan leg\u00edtimo derecho para hablar del club, para reconocer lo bueno y criticar lo malo. Es digno heredero del apellido, el apodo y la capacidad goleadora de su padre, Jos\u00e9 Alves, otra leyenda americanista.<\/p>\n<p>Fueron 13 a\u00f1os los que <strong>Luis Roberto Alves<\/strong> le entreg\u00f3 al <strong>Am\u00e9rica<\/strong> que en 1998 no se comport\u00f3 a la altura con \u00e9l cuando lo releg\u00f3 del equipo. A 18 a\u00f1os de haber salido del Nido de Coapa sin los honores que merec\u00eda,<em> Zaguinho<\/em> luce muy bien. Las horas que le invierte al gimnasio lo hacen ver en gran forma, como para seguir jugando en primera divisi\u00f3n.<\/p>\n<p>En el marco del centenario, <strong>Zague<\/strong> \u2013amable y atento como toda la vida\u2013 recibi\u00f3 a Futbol Total y le respondi\u00f3 cada pregunta con amplitud. En sus respuestas se nota orgullo por lo mucho que le dio al <strong>Am\u00e9rica<\/strong>, pero tambi\u00e9n molestia y cr\u00edtica porque no todos los que est\u00e1n ahora en el <em>Nido<\/em> saben y comprenden qu\u00e9 es el americanismo.<\/p>\n<p style=\"text-align: center;\"><span style=\"color: #3366ff;\"><a style=\"color: #3366ff;\" href=\"https:\/\/www.futboltotal.com.mx\/2016\/10\/centenario-del-america-hazana-triple-corona-capitulo-11\/\" target=\"_blank\"><strong>LEER M\u00c1S: Zague y Hermosillo hablan de las \u00c1guilas<\/strong><\/a><\/span><\/p>\n<p>[video_player]https:\/\/player.vimeo.com\/external\/187259654.hd.mp4?s=1eaf7b033f5a05b9adc014498240bf3261c124b2&amp;profile_id=174[\/video_player]<\/p>\n","protected":false},"excerpt":{"rendered":"<p>&#8220;Ni Emilio Azc\u00e1rraga Jean puede decirme qu\u00e9 es y c\u00f3mo se vive el americanismo&#8221;, se\u00f1ala<\/p>\n","protected":false},"author":20,"featured_media":435569,"comment_status":"closed","ping_status":"closed","sticky":false,"template":"","format":"standard","meta":[],"categories":[6385,2198,3845,4],"tags":[5959,7479],"_links":{"self":[{"href":"http:\/\/desarrollo.grupomedios.com\/futbol\/wp-json\/wp\/v2\/posts\/435568"}],"collection":[{"href":"http:\/\/desarrollo.grupomedios.com\/futbol\/wp-json\/wp\/v2\/posts"}],"about":[{"href":"http:\/\/desarrollo.grupomedios.com\/futbol\/wp-json\/wp\/v2\/types\/post"}],"author":[{"embeddable":true,"href":"http:\/\/desarrollo.grupomedios.com\/futbol\/wp-json\/wp\/v2\/users\/20"}],"replies":[{"embeddable":true,"href":"http:\/\/desarrollo.grupomedios.com\/futbol\/wp-json\/wp\/v2\/comments?post=435568"}],"version-history":[{"count":0,"href":"http:\/\/desarrollo.grupomedios.com\/futbol\/wp-json\/wp\/v2\/posts\/435568\/revisions"}],"wp:featuredmedia":[{"embeddable":true,"href":"http:\/\/desarrollo.grupomedios.com\/futbol\/wp-json\/wp\/v2\/media\/435569"}],"wp:attachment":[{"href":"http:\/\/desarrollo.grupomedios.com\/futbol\/wp-json\/wp\/v2\/media?parent=435568"}],"wp:term":[{"taxonomy":"category","embeddable":true,"href":"http:\/\/desarrollo.grupomedios.com\/futbol\/wp-json\/wp\/v2\/categories?post=435568"},{"taxonomy":"post_tag","embeddable":true,"href":"http:\/\/desarrollo.grupomedios.com\/futbol\/wp-json\/wp\/v2\/tags?post=435568"}],"curies":[{"name":"wp","href":"https:\/\/api.w.org\/{rel}","templated":true}]}}