{"id":435626,"date":"2016-10-14T09:58:11","date_gmt":"2016-10-14T14:58:11","guid":{"rendered":"https:\/\/www.futboltotal.com.mx\/?p=435626"},"modified":"2016-10-14T15:19:42","modified_gmt":"2016-10-14T20:19:42","slug":"antoine-griezmann-le-contesto-a-frank-ribery","status":"publish","type":"post","link":"http:\/\/desarrollo.grupomedios.com\/futbol\/futbol-internacional\/antoine-griezmann-le-contesto-a-frank-ribery\/2016\/10","title":{"rendered":"Griezmann le contest\u00f3 a Franck Rib\u00e9ry"},"content":{"rendered":"<p>Es posible que Franck Rib\u00e9ry no haya considerado lo que iban a provocar <a href=\"https:\/\/www.futboltotal.com.mx\/2016\/10\/griezmann-aun-no-es-clase-mundial\/\" target=\"_blank\">las declaraciones que realiz\u00f3 acerca de Antoine <strong>Griezmann<\/strong><\/a>.<\/p>\n<p>Rib\u00e9ry concedi\u00f3 que su compatriota hab\u00eda tenido una gran campa\u00f1a, pero cuestion\u00f3 que est\u00e9 al nivel de los mejores del mundo, afirmando que para eso ten\u00eda que ser constante y mantener su nivel por m\u00e1s tiempo.<\/p>\n<p style=\"text-align: center;\"><a href=\"https:\/\/www.futboltotal.com.mx\/2016\/09\/piden-balon-oro-griezmann\/\" target=\"_blank\"><span style=\"color: #3366ff;\">LEER M\u00c1S: \u00a1Piden Bal\u00f3n de Oro para Griezmann!<\/span><\/a><\/p>\n<p>Ya el jueves, <a href=\"https:\/\/www.futboltotal.com.mx\/2016\/10\/presidente-del-atletico-madrid-se-burla-ribery\/\" target=\"_blank\">el presidente del Atl\u00e9tico de Madrid ironiz\u00f3 con lo que el futbolista del Bayern dijo<\/a> sobre <strong>Griezmann<\/strong>, y ahora ha sido el propio goleador de los <em>Colchoneros<\/em> quien ha respondido a Franck.<\/p>\n<p>En una entrevista concedida a Eurosport Francia, <strong>Griezmann<\/strong> se refiri\u00f3 al asunto y aunque intent\u00f3 primero no polemizar, elev\u00f3 luego un poco el tono de sus comentarios.<\/p>\n<p style=\"text-align: center;\"><a href=\"https:\/\/www.futboltotal.com.mx\/2015\/07\/atletico-cuenta-con-raul-jimenez\/\" target=\"_blank\"><span style=\"color: #3366ff;\">LEER M\u00c1S: Atl\u00e9tico cuenta con Ra\u00fal Jim\u00e9nez<\/span><\/a><\/p>\n<p>\u201cTiene raz\u00f3n en eso -comenz\u00f3 Antoine-, trato de ser coherente, pero s\u00e9 que estoy en el camino correcto\u201d.\u00a0<strong>Griezmann<\/strong> declar\u00f3 luego: \u201cTodo el mundo tiene una opini\u00f3n. Para mi padre soy el mejor jugador del mundo, para la afici\u00f3n del Atl\u00e9tico tambi\u00e9n\u201d.<\/p>\n<p>En la parte final de sus declaraciones sobre el tema, el goleador franc\u00e9s del <em>Atleti<\/em> explic\u00f3 sus intenciones: \u201cVoy a seguir trabajando. Como \u00e9l mismo dice, ya se ver\u00e1 al final que clase de jugador soy\u201d, para agregar una l\u00ednea que puede tener una pizca de malicia, considerando la diferencia de edades (Rib\u00e9ry tiene 33 a\u00f1os, <strong>Griezmann<\/strong> 25): \u201cTodav\u00eda tengo 10 a\u00f1os por delante\u201d.<\/p>\n","protected":false},"excerpt":{"rendered":"<p>Luego de las declaraciones de Rib\u00e9ry acerca del nivel de Griezmann, el goleador del Atl\u00e9tico de Madrid reaccion\u00f3<\/p>\n","protected":false},"author":20,"featured_media":405829,"comment_status":"closed","ping_status":"closed","sticky":false,"template":"","format":"standard","meta":[],"categories":[3839,5951],"tags":[5191,2047,6007,367,5256],"_links":{"self":[{"href":"http:\/\/desarrollo.grupomedios.com\/futbol\/wp-json\/wp\/v2\/posts\/435626"}],"collection":[{"href":"http:\/\/desarrollo.grupomedios.com\/futbol\/wp-json\/wp\/v2\/posts"}],"about":[{"href":"http:\/\/desarrollo.grupomedios.com\/futbol\/wp-json\/wp\/v2\/types\/post"}],"author":[{"embeddable":true,"href":"http:\/\/desarrollo.grupomedios.com\/futbol\/wp-json\/wp\/v2\/users\/20"}],"replies":[{"embeddable":true,"href":"http:\/\/desarrollo.grupomedios.com\/futbol\/wp-json\/wp\/v2\/comments?post=435626"}],"version-history":[{"count":0,"href":"http:\/\/desarrollo.grupomedios.com\/futbol\/wp-json\/wp\/v2\/posts\/435626\/revisions"}],"wp:featuredmedia":[{"embeddable":true,"href":"http:\/\/desarrollo.grupomedios.com\/futbol\/wp-json\/wp\/v2\/media\/405829"}],"wp:attachment":[{"href":"http:\/\/desarrollo.grupomedios.com\/futbol\/wp-json\/wp\/v2\/media?parent=435626"}],"wp:term":[{"taxonomy":"category","embeddable":true,"href":"http:\/\/desarrollo.grupomedios.com\/futbol\/wp-json\/wp\/v2\/categories?post=435626"},{"taxonomy":"post_tag","embeddable":true,"href":"http:\/\/desarrollo.grupomedios.com\/futbol\/wp-json\/wp\/v2\/tags?post=435626"}],"curies":[{"name":"wp","href":"https:\/\/api.w.org\/{rel}","templated":true}]}}