{"id":435652,"date":"2016-10-14T13:59:00","date_gmt":"2016-10-14T18:59:00","guid":{"rendered":"https:\/\/www.futboltotal.com.mx\/?p=435652"},"modified":"2016-10-14T17:11:49","modified_gmt":"2016-10-14T22:11:49","slug":"eden-hazard-elige-la-posicion-donde-quiere-jugar-en-chelsea","status":"publish","type":"post","link":"http:\/\/desarrollo.grupomedios.com\/futbol\/futbol-internacional\/eden-hazard-elige-la-posicion-donde-quiere-jugar-en-chelsea\/2016\/10","title":{"rendered":"Hazard elige la posici\u00f3n donde quiere jugar en el Chelsea"},"content":{"rendered":"<p>La campa\u00f1a pasada no fue la mejor de Eden <strong>Hazard<\/strong> con el Chelsea, desde que se uni\u00f3 al club de Stamford Bridge.<\/p>\n<p>El volante belga lleg\u00f3 a los <em>Blues<\/em> en la campa\u00f1a 2012-13 y el curso pasado fue el menos productivo para \u00e9l con el equipo, al menos en lo que a goles marcados se refiere.<\/p>\n<p style=\"text-align: center;\"><a href=\"https:\/\/www.futboltotal.com.mx\/2016\/10\/chelsea-firma-contrato-millonario-nike\/\" target=\"_blank\"><span style=\"color: #3366ff;\"><strong>LEER M\u00c1S: Chelsea firma contrato millonario con Nike<\/strong><\/span><\/a><\/p>\n<p><strong>Hazard<\/strong> anot\u00f3 solamente cuatro veces en la <em>Premier League<\/em> anterior, mientras que en las tres pasadas hab\u00eda marcado 9, 14 y 14 tantos.\u00a0Para el curso actual, el director t\u00e9cnico del Chelsea, Antonio Conte, est\u00e1 intentando que Eden recobre protagonismo y aumente su importancia para el juego del equipo. Para ello, podr\u00eda ser que un cambio de posici\u00f3n resulte \u00fatil.<\/p>\n<p>Al menos as\u00ed lo ha dejado ver el propio <strong>Hazard<\/strong>, en unas declaraciones que reprodujo el Daily Mail. \u201cMe gusta jugar como n\u00famero 10, creo que tengo m\u00e1s libertad ofensiva\u201d.<\/p>\n<blockquote class=\"twitter-tweet\" data-lang=\"es\">\n<p dir=\"ltr\" lang=\"es\">Tratamos de encontrar la mejor soluci\u00f3n. En el \u00faltimo partido que jugamos bien; Willian, Hazard y Costa hicieron lo que quiero.&#8221; <a href=\"https:\/\/twitter.com\/hashtag\/CFCes?src=hash\">#CFCes<\/a><\/p>\n<p>\u2014 Chelsea FC Espa\u00f1ol (@ChelseaFC_Sp) <a href=\"https:\/\/twitter.com\/ChelseaFC_Sp\/status\/786903329037221888\">14 de octubre de 2016<\/a><\/p><\/blockquote>\n<p><script async src=\"\/\/platform.twitter.com\/widgets.js\" charset=\"utf-8\"><\/script><\/p>\n<p><strong>Hazard<\/strong> hizo referencia a la manera en que juega hoy su selecci\u00f3n, con Roberto Mart\u00ednez a cargo, y resalt\u00f3 las ventajas que ese estilo le ofrece: \u201cEn B\u00e9lgica tenemos laterales r\u00e1pidos que abren espacios, algo que es bueno y me gusta.<\/p>\n<p>De cualquier modo, <strong>Hazard<\/strong> ha dicho tambi\u00e9n que \u201cChelsea no juega siempre con un 10\u201d y aclar\u00f3 que no espera que su escuadra cambie su formaci\u00f3n por \u00e9l. \u201cYa he jugado antes en la banda izquierda y trato de volver a hacerlo bien\u201d.<\/p>\n","protected":false},"excerpt":{"rendered":"<p>Antonio Conte recibi\u00f3 un mensaje de Eden Hazard a trav\u00e9s de la prensa, acerca de la zona del campo donde est\u00e1 m\u00e1s c\u00f3modo<\/p>\n","protected":false},"author":20,"featured_media":435653,"comment_status":"closed","ping_status":"closed","sticky":false,"template":"","format":"standard","meta":[],"categories":[3839,3846],"tags":[5981,6058,334],"_links":{"self":[{"href":"http:\/\/desarrollo.grupomedios.com\/futbol\/wp-json\/wp\/v2\/posts\/435652"}],"collection":[{"href":"http:\/\/desarrollo.grupomedios.com\/futbol\/wp-json\/wp\/v2\/posts"}],"about":[{"href":"http:\/\/desarrollo.grupomedios.com\/futbol\/wp-json\/wp\/v2\/types\/post"}],"author":[{"embeddable":true,"href":"http:\/\/desarrollo.grupomedios.com\/futbol\/wp-json\/wp\/v2\/users\/20"}],"replies":[{"embeddable":true,"href":"http:\/\/desarrollo.grupomedios.com\/futbol\/wp-json\/wp\/v2\/comments?post=435652"}],"version-history":[{"count":0,"href":"http:\/\/desarrollo.grupomedios.com\/futbol\/wp-json\/wp\/v2\/posts\/435652\/revisions"}],"wp:featuredmedia":[{"embeddable":true,"href":"http:\/\/desarrollo.grupomedios.com\/futbol\/wp-json\/wp\/v2\/media\/435653"}],"wp:attachment":[{"href":"http:\/\/desarrollo.grupomedios.com\/futbol\/wp-json\/wp\/v2\/media?parent=435652"}],"wp:term":[{"taxonomy":"category","embeddable":true,"href":"http:\/\/desarrollo.grupomedios.com\/futbol\/wp-json\/wp\/v2\/categories?post=435652"},{"taxonomy":"post_tag","embeddable":true,"href":"http:\/\/desarrollo.grupomedios.com\/futbol\/wp-json\/wp\/v2\/tags?post=435652"}],"curies":[{"name":"wp","href":"https:\/\/api.w.org\/{rel}","templated":true}]}}