{"id":436014,"date":"2016-10-16T12:40:31","date_gmt":"2016-10-16T17:40:31","guid":{"rendered":"https:\/\/www.futboltotal.com.mx\/?p=436014"},"modified":"2016-10-16T14:54:19","modified_gmt":"2016-10-16T19:54:19","slug":"pelaez-anuncia-regreso-darwin-quintero","status":"publish","type":"post","link":"http:\/\/desarrollo.grupomedios.com\/futbol\/destacado-home\/pelaez-anuncia-regreso-darwin-quintero\/2016\/10","title":{"rendered":"Confirman regreso de Darwin Quintero"},"content":{"rendered":"<p>El delantero colombiano <strong>Carlos Darwin Quintero<\/strong> regresar\u00e1 a las canchas en noviembre, se\u00f1al\u00f3 el presidente deportivo del <strong>Club Am\u00e9rica<\/strong>, Ricardo Pel\u00e1ez, quien tambi\u00e9n descart\u00f3 que sea de gravedad la\u00a0lesi\u00f3n que sufri\u00f3 el defensa paraguayo Miguel Samudio.<\/p>\n<blockquote><p>\u201cHa sido un problema serio con el que hemos tenido que lidiar (las lesiones), Darwin estar\u00e1 el 7 de noviembre ya jugando con el equipo\u201d, dijo el dirigente tras la carrera dominical del centenario americanista.<\/p>\n<p style=\"text-align: center;\"><a href=\"https:\/\/www.futboltotal.com.mx\/futbol-mexicano\/\"><span style=\"color: #3366ff;\"><strong>LEER M\u00c1S: Todas las noticias de futbol mexicano<\/strong><\/span><\/a><\/p>\n<\/blockquote>\n<p>Respecto a Samudio, quien sali\u00f3 de cambio en el partido del s\u00e1bado frente a Xolos, explic\u00f3 que no son de cuidado las molestias que present\u00f3.<\/p>\n<blockquote><p>\u201cLo de Samudio no es tan grave, sali\u00f3 por precauci\u00f3n, ojala podamos recuperar a todos porque necesitamos el apoyo de todos los jugadores para que el cuerpo t\u00e9cnico tenga las mejores opciones\u201d, apunt\u00f3.<\/p><\/blockquote>\n<p>Pel\u00e1ez se mostr\u00f3 satisfecho por la victoria que logr\u00f3 el equipo sobre Tijuana y consciente que el martes tienen un compromiso importante en los cuartos de final de la Copa MX del Torneo Apertura 2016 frente a Chiapas.<\/p>\n<blockquote><p>\u201cAh\u00ed vamos poco a poco adapt\u00e1ndonos a esta nueva propuesta de La Volpe, pero con buen ambiente y comunicaci\u00f3n, sumando que es lo m\u00e1s importante\u201d, estableci\u00f3.<\/p><\/blockquote>\n<p>&nbsp;<\/p>\n","protected":false},"excerpt":{"rendered":"<p>El delantero volver\u00e1 para jugar Liguilla y Mundial de Clubes<\/p>\n","protected":false},"author":20,"featured_media":436019,"comment_status":"closed","ping_status":"closed","sticky":false,"template":"","format":"standard","meta":[],"categories":[5,2198,3845],"tags":[5959,284],"_links":{"self":[{"href":"http:\/\/desarrollo.grupomedios.com\/futbol\/wp-json\/wp\/v2\/posts\/436014"}],"collection":[{"href":"http:\/\/desarrollo.grupomedios.com\/futbol\/wp-json\/wp\/v2\/posts"}],"about":[{"href":"http:\/\/desarrollo.grupomedios.com\/futbol\/wp-json\/wp\/v2\/types\/post"}],"author":[{"embeddable":true,"href":"http:\/\/desarrollo.grupomedios.com\/futbol\/wp-json\/wp\/v2\/users\/20"}],"replies":[{"embeddable":true,"href":"http:\/\/desarrollo.grupomedios.com\/futbol\/wp-json\/wp\/v2\/comments?post=436014"}],"version-history":[{"count":0,"href":"http:\/\/desarrollo.grupomedios.com\/futbol\/wp-json\/wp\/v2\/posts\/436014\/revisions"}],"wp:featuredmedia":[{"embeddable":true,"href":"http:\/\/desarrollo.grupomedios.com\/futbol\/wp-json\/wp\/v2\/media\/436019"}],"wp:attachment":[{"href":"http:\/\/desarrollo.grupomedios.com\/futbol\/wp-json\/wp\/v2\/media?parent=436014"}],"wp:term":[{"taxonomy":"category","embeddable":true,"href":"http:\/\/desarrollo.grupomedios.com\/futbol\/wp-json\/wp\/v2\/categories?post=436014"},{"taxonomy":"post_tag","embeddable":true,"href":"http:\/\/desarrollo.grupomedios.com\/futbol\/wp-json\/wp\/v2\/tags?post=436014"}],"curies":[{"name":"wp","href":"https:\/\/api.w.org\/{rel}","templated":true}]}}