{"id":436065,"date":"2016-10-16T15:29:56","date_gmt":"2016-10-16T20:29:56","guid":{"rendered":"https:\/\/www.futboltotal.com.mx\/?p=436065"},"modified":"2016-10-16T15:29:56","modified_gmt":"2016-10-16T20:29:56","slug":"vuelve-mejor-james-cano-golazo","status":"publish","type":"post","link":"http:\/\/desarrollo.grupomedios.com\/futbol\/videos\/vuelve-mejor-james-cano-golazo\/2016\/10","title":{"rendered":"Vuelve el mejor James: ca\u00f1o y GOLAZO"},"content":{"rendered":"<p>Un d\u00eda despu\u00e9s de la estridente victoria 1-6 ante el Betis, el Real Madrid entren\u00f3 con la mira puesta en el duelo del pr\u00f3ximo martes en Champions League ante el Lejia. La gran novedad fue el regreso del colombiano <strong>James Rodr\u00edguez<\/strong>, quien se luci\u00f3 en la sesi\u00f3n dominical y mostr\u00f3 que ha superado por completo\u00a0la rotura muscular de grado 1 que sufri\u00f3 en el s\u00f3lo izquierdo el pasado 2 de octubre.<\/p>\n<p style=\"text-align: center;\"><a href=\"https:\/\/www.futboltotal.com.mx\/futbol-internacional\/\"><span style=\"color: #3366ff;\"><strong>LEER M\u00c1S: Todas las noticias de futbol internacional<\/strong><\/span><\/a><\/p>\n<p style=\"text-align: center;\"><iframe loading=\"lazy\" src=\"https:\/\/www.youtube.com\/embed\/XSMZpeyslQM\" frameborder=\"0\" allowfullscreen=\"allowfullscreen\"><\/iframe><\/p>\n<p style=\"text-align: left;\"><strong>James<\/strong> trabaj\u00f3 al m\u00e1ximo y fue uno m\u00e1s en los ejercicios de posesi\u00f3n y presi\u00f3n m\u00e1s los partidos en reducidas dimensiones que, seg\u00fan inform\u00f3 el club blanco, realizaron a puerta cerrada en un grupo reforzado con los jugadores del Castilla Luis Miguel Quezada, Alex Salto, Borja S\u00e1nchez, Francisco Manuel Tena y Cristian Cedr\u00e9s.<\/p>\n","protected":false},"excerpt":{"rendered":"<p>El colombiano deslumbra en los entrenamientos y apunta a Champions<\/p>\n","protected":false},"author":20,"featured_media":436068,"comment_status":"closed","ping_status":"closed","sticky":false,"template":"","format":"standard","meta":[],"categories":[3839,3844,4],"tags":[6082,5988],"_links":{"self":[{"href":"http:\/\/desarrollo.grupomedios.com\/futbol\/wp-json\/wp\/v2\/posts\/436065"}],"collection":[{"href":"http:\/\/desarrollo.grupomedios.com\/futbol\/wp-json\/wp\/v2\/posts"}],"about":[{"href":"http:\/\/desarrollo.grupomedios.com\/futbol\/wp-json\/wp\/v2\/types\/post"}],"author":[{"embeddable":true,"href":"http:\/\/desarrollo.grupomedios.com\/futbol\/wp-json\/wp\/v2\/users\/20"}],"replies":[{"embeddable":true,"href":"http:\/\/desarrollo.grupomedios.com\/futbol\/wp-json\/wp\/v2\/comments?post=436065"}],"version-history":[{"count":0,"href":"http:\/\/desarrollo.grupomedios.com\/futbol\/wp-json\/wp\/v2\/posts\/436065\/revisions"}],"wp:featuredmedia":[{"embeddable":true,"href":"http:\/\/desarrollo.grupomedios.com\/futbol\/wp-json\/wp\/v2\/media\/436068"}],"wp:attachment":[{"href":"http:\/\/desarrollo.grupomedios.com\/futbol\/wp-json\/wp\/v2\/media?parent=436065"}],"wp:term":[{"taxonomy":"category","embeddable":true,"href":"http:\/\/desarrollo.grupomedios.com\/futbol\/wp-json\/wp\/v2\/categories?post=436065"},{"taxonomy":"post_tag","embeddable":true,"href":"http:\/\/desarrollo.grupomedios.com\/futbol\/wp-json\/wp\/v2\/tags?post=436065"}],"curies":[{"name":"wp","href":"https:\/\/api.w.org\/{rel}","templated":true}]}}