{"id":436196,"date":"2016-10-17T09:18:02","date_gmt":"2016-10-17T14:18:02","guid":{"rendered":"https:\/\/www.futboltotal.com.mx\/?p=436196"},"modified":"2016-10-17T09:18:02","modified_gmt":"2016-10-17T14:18:02","slug":"marco-fabian-tras-los-pasos-del-chicharito","status":"publish","type":"post","link":"http:\/\/desarrollo.grupomedios.com\/futbol\/destacado-home\/marco-fabian-tras-los-pasos-del-chicharito\/2016\/10","title":{"rendered":"\u00a1Marco Fabi\u00e1n, tras los pasos del Chicharito!"},"content":{"rendered":"<p>El arranque de la temporada 2016-17 en la <strong>Bundesliga<\/strong> sigue siendo de ensue\u00f1o para los mexicanos, sobre todo para <strong>Marco Fabi\u00e1n<\/strong>, quien, tras volver a anotar con su equipo el <strong>Eintracht Frankfurt<\/strong>, fue nominado para ser el jugador m\u00e1s valioso de la jornada 7.<\/p>\n<blockquote class=\"twitter-tweet\" data-lang=\"es\">\n<p dir=\"ltr\" lang=\"es\">\u00bfVOTARON ya por el <a href=\"https:\/\/twitter.com\/hashtag\/BLMVP?src=hash\">#BLMVP<\/a> de la Fecha 7? \u00a1A\u00fan queda tiempo! \u00a1<a href=\"https:\/\/twitter.com\/MarcoFabian_10\">@MarcoFabian_10<\/a>  entre los nominados! <a href=\"https:\/\/t.co\/054nmm6jfN\">https:\/\/t.co\/054nmm6jfN<\/a> <a href=\"https:\/\/twitter.com\/hashtag\/Bundesliga?src=hash\">#Bundesliga<\/a> <a href=\"https:\/\/t.co\/snA1JrXmaD\">pic.twitter.com\/snA1JrXmaD<\/a><\/p>\n<p>\u2014 Bundesliga Espa\u00f1ol (@Bundesliga_ES) <a href=\"https:\/\/twitter.com\/Bundesliga_ES\/status\/787895937486065664\">17 de octubre de 2016<\/a><\/p><\/blockquote>\n<p><script async src=\"\/\/platform.twitter.com\/widgets.js\" charset=\"utf-8\"><\/script><\/p>\n<p>Tan solo una temporada anterior, quien se llevaba todos los reflectores en la <strong>Bundesliga<\/strong>, era Javier <em>el Chicharito<\/em> Hern\u00e1ndez, pero ahora, es el otro mexicano, <strong>Marco Fabi\u00e1n<\/strong>, quien se roba las miradas, debido a su buen desempe\u00f1o con el <strong>Eintracht Frankfurt<\/strong> y hasta con la Selecci\u00f3n Mexicana, donde tambi\u00e9n anot\u00f3. Cabe destacar, que el volante azteca se encuentra arrasando las votaciones.<\/p>\n<p style=\"text-align: center;\"><span style=\"color: #3366ff;\"><a style=\"color: #3366ff;\" href=\"https:\/\/www.futboltotal.com.mx\/2016\/10\/marco-fabian-salva-al-eintracht-frankfurt-la-derrota-ante-bayern-munich\/\" target=\"_blank\"><strong>LEER M\u00c1S: Marco Fabi\u00e1n le anota al Bayern Munich, de pechito&#8230;<\/strong><\/a><\/span><\/p>\n<blockquote class=\"twitter-tweet\" data-lang=\"es\">\n<p dir=\"ltr\" lang=\"es\">\u00a1VOTEN!<br \/>\n\u00a14 grandes actuaciones! \u00bfCu\u00e1l fue su <a href=\"https:\/\/twitter.com\/hashtag\/BLMVP?src=hash\">#BLMVP<\/a> de la Fecha 7 de <a href=\"https:\/\/twitter.com\/hashtag\/Bundesliga?src=hash\">#Bundesliga<\/a>?<a href=\"https:\/\/twitter.com\/hashtag\/Jarstein?src=hash\">#Jarstein<\/a> &#8211; <a href=\"https:\/\/twitter.com\/MarcoFabian_10\">@MarcoFabian_10<\/a> &#8211; <a href=\"https:\/\/twitter.com\/hashtag\/Manneh?src=hash\">#Manneh<\/a> &#8211; <a href=\"https:\/\/twitter.com\/AModeste15\">@AModeste15<\/a><\/p>\n<p>\u2014 Bundesliga Espa\u00f1ol (@Bundesliga_ES) <a href=\"https:\/\/twitter.com\/Bundesliga_ES\/status\/787730216382763008\">16 de octubre de 2016<\/a><\/p><\/blockquote>\n<p><script async src=\"\/\/platform.twitter.com\/widgets.js\" charset=\"utf-8\"><\/script><\/p>\n<blockquote class=\"twitter-tweet\" data-lang=\"es\">\n<p dir=\"ltr\" lang=\"es\"> Con el \u26bd del  <a href=\"https:\/\/twitter.com\/MarcoFabian_10\">@MarcoFabian_10<\/a>, <a href=\"https:\/\/twitter.com\/eintracht_esp\">@eintracht_esp<\/a> rescata un empate (2-2) ante <a href=\"https:\/\/twitter.com\/FCBayernES\">@FCBayernES<\/a> y se ubica 7mo. <a href=\"https:\/\/t.co\/Po0SWGGh4f\">https:\/\/t.co\/Po0SWGGh4f<\/a> <a href=\"https:\/\/twitter.com\/hashtag\/SGEFCB?src=hash\">#SGEFCB<\/a> <a href=\"https:\/\/t.co\/WrOO0Audoi\">pic.twitter.com\/WrOO0Audoi<\/a><\/p>\n<p>\u2014 Bundesliga Espa\u00f1ol (@Bundesliga_ES) <a href=\"https:\/\/twitter.com\/Bundesliga_ES\/status\/787775186716258305\">16 de octubre de 2016<\/a><\/p><\/blockquote>\n<p><script async src=\"\/\/platform.twitter.com\/widgets.js\" charset=\"utf-8\"><\/script><\/p>\n<blockquote class=\"twitter-tweet\" data-lang=\"es\">\n<p dir=\"ltr\" lang=\"es\">\u00bfQuieren ganar un mini-bal\u00f3n Torfabrik \u26bd firmado por <a href=\"https:\/\/twitter.com\/MarcoFabian_10\">@MarcoFabian_10<\/a> ? \u00a1RT+Follow! \u00a1Y festejen su gran momento! <a href=\"https:\/\/t.co\/wHZRQCRgD6\">https:\/\/t.co\/wHZRQCRgD6<\/a> <a href=\"https:\/\/t.co\/FzM1uKogv4\">pic.twitter.com\/FzM1uKogv4<\/a><\/p>\n<p>\u2014 Bundesliga Espa\u00f1ol (@Bundesliga_ES) <a href=\"https:\/\/twitter.com\/Bundesliga_ES\/status\/787805404608794624\">17 de octubre de 2016<\/a><\/p><\/blockquote>\n<p><script async src=\"\/\/platform.twitter.com\/widgets.js\" charset=\"utf-8\"><\/script><\/p>\n","protected":false},"excerpt":{"rendered":"<p>El mexicano volvi\u00f3 a ser nominado para MVP en Bundesliga<\/p>\n","protected":false},"author":20,"featured_media":436197,"comment_status":"closed","ping_status":"closed","sticky":false,"template":"","format":"standard","meta":[],"categories":[5,3839,6822,6718],"tags":[119,131,4545],"_links":{"self":[{"href":"http:\/\/desarrollo.grupomedios.com\/futbol\/wp-json\/wp\/v2\/posts\/436196"}],"collection":[{"href":"http:\/\/desarrollo.grupomedios.com\/futbol\/wp-json\/wp\/v2\/posts"}],"about":[{"href":"http:\/\/desarrollo.grupomedios.com\/futbol\/wp-json\/wp\/v2\/types\/post"}],"author":[{"embeddable":true,"href":"http:\/\/desarrollo.grupomedios.com\/futbol\/wp-json\/wp\/v2\/users\/20"}],"replies":[{"embeddable":true,"href":"http:\/\/desarrollo.grupomedios.com\/futbol\/wp-json\/wp\/v2\/comments?post=436196"}],"version-history":[{"count":0,"href":"http:\/\/desarrollo.grupomedios.com\/futbol\/wp-json\/wp\/v2\/posts\/436196\/revisions"}],"wp:featuredmedia":[{"embeddable":true,"href":"http:\/\/desarrollo.grupomedios.com\/futbol\/wp-json\/wp\/v2\/media\/436197"}],"wp:attachment":[{"href":"http:\/\/desarrollo.grupomedios.com\/futbol\/wp-json\/wp\/v2\/media?parent=436196"}],"wp:term":[{"taxonomy":"category","embeddable":true,"href":"http:\/\/desarrollo.grupomedios.com\/futbol\/wp-json\/wp\/v2\/categories?post=436196"},{"taxonomy":"post_tag","embeddable":true,"href":"http:\/\/desarrollo.grupomedios.com\/futbol\/wp-json\/wp\/v2\/tags?post=436196"}],"curies":[{"name":"wp","href":"https:\/\/api.w.org\/{rel}","templated":true}]}}