{"id":436256,"date":"2016-10-17T14:42:19","date_gmt":"2016-10-17T19:42:19","guid":{"rendered":"https:\/\/www.futboltotal.com.mx\/?p=436256"},"modified":"2016-10-17T20:27:06","modified_gmt":"2016-10-18T01:27:06","slug":"el-dortmund-admite-que-puede-negociar-a-aubameyang-con-el-madrid","status":"publish","type":"post","link":"http:\/\/desarrollo.grupomedios.com\/futbol\/futbol-internacional\/el-dortmund-admite-que-puede-negociar-a-aubameyang-con-el-madrid\/2016\/10","title":{"rendered":"BVB admite puede negociar a Aubameyang"},"content":{"rendered":"<p>El a\u00f1o pasado, Pierre-Emerick <strong>Aubameyang<\/strong> sorprendi\u00f3 al mundo cuando, confes\u00f3 que so\u00f1aba con jugar un d\u00eda con el Real Madrid.<\/p>\n<p>Las declaraciones del gabon\u00e9s eran inesperadas por el momento en que las realiz\u00f3, cuando atravesaba una extraordinaria racha\u00a0con el Borussia Dortmund, su club actual.<\/p>\n<p style=\"text-align: center;\"><a href=\"https:\/\/www.futboltotal.com.mx\/2016\/10\/tres-poderosos-europa-van-aubameyang\/\" target=\"_blank\"><span style=\"color: #3366ff;\"><strong>LEER M\u00c1S: Tres poderosos de Europa van por Aubameyang<\/strong><\/span><\/a><\/p>\n<p>Aquello levant\u00f3 mucha expectaci\u00f3n y rumores sobre la posible partida de <strong>Aubameyang<\/strong> al Madrid, pero para esta campa\u00f1a nada cambi\u00f3 y el delantero se mantiene con el Dortmund, como una de sus figuras.<\/p>\n<p>Ahora, sin embargo, parece que aquella historia ha revivido. Y el responsable de ello es un directivo del cuadro alem\u00e1n.<\/p>\n<p style=\"text-align: center;\"><a href=\"https:\/\/www.futboltotal.com.mx\/2016\/09\/detallazo-cristiano-aubameyang\/\" target=\"_blank\"><span style=\"color: #3366ff;\"><strong>LEER M\u00c1S: \u00a1Detallazo de Cristiano con Aubameyang!<\/strong><\/span><\/a><\/p>\n<p>Hans-Joachim Watzke, director general del Dortmund, le ha abierto la puerta a una negociaci\u00f3n con los <em>Merengues<\/em> por el goleador <em>Aurinegro<\/em>.<\/p>\n<p>\u201cSi viene el Madrid, hablaremos\u201d, concedi\u00f3 Watzke, en una charla con Sky, para luego hacer una advertencia: \u201cPero no ser\u00e1 f\u00e1cil, el\u00a0traspaso [de <strong>Aubameyang<\/strong>] de no ser\u00eda autom\u00e1tico\u201d.<\/p>\n<p style=\"text-align: center;\"><a href=\"https:\/\/www.futboltotal.com.mx\/2016\/10\/aubameyang-sin-prisa-por-fichar-con-el-real-madrid\/\" target=\"_blank\"><span style=\"color: #3366ff;\"><strong>LEER M\u00c1S: Aubameyang, sin prisa por fichar con el Madrid<\/strong><\/span><\/a><\/p>\n<p>Adem\u00e1s, el directivo del Dortmund explic\u00f3 que existe una diferencia entre la situaci\u00f3n de Pierre-Emerick con la de otros jugadores que abandonaron recientemente al club del Signal Iduna Park (como Henrikh Mhkitaryan, quien se march\u00f3 al Manchester United cuando s\u00f3lo le quedaba un a\u00f1o de contrato): \u201c<strong>Aubameyang<\/strong> tiene un contrato largo, hasta 2020. No hay ninguna presi\u00f3n en absoluto\u201d.<\/p>\n<p>Por \u00faltimo, el dirigente del cuadro alem\u00e1n resalt\u00f3: \u201cQueremos que se quede y no tengo la impresi\u00f3n de que <strong>Aubameyang<\/strong> se quiera ir\u201d.<\/p>\n","protected":false},"excerpt":{"rendered":"<p>La directiva alemana admite que pueden negociar con el Real Madrid<\/p>\n","protected":false},"author":20,"featured_media":402466,"comment_status":"closed","ping_status":"closed","sticky":false,"template":"","format":"standard","meta":[],"categories":[3839,6822,3844,5951],"tags":[5861,6047,2920,2048,5078,5988],"_links":{"self":[{"href":"http:\/\/desarrollo.grupomedios.com\/futbol\/wp-json\/wp\/v2\/posts\/436256"}],"collection":[{"href":"http:\/\/desarrollo.grupomedios.com\/futbol\/wp-json\/wp\/v2\/posts"}],"about":[{"href":"http:\/\/desarrollo.grupomedios.com\/futbol\/wp-json\/wp\/v2\/types\/post"}],"author":[{"embeddable":true,"href":"http:\/\/desarrollo.grupomedios.com\/futbol\/wp-json\/wp\/v2\/users\/20"}],"replies":[{"embeddable":true,"href":"http:\/\/desarrollo.grupomedios.com\/futbol\/wp-json\/wp\/v2\/comments?post=436256"}],"version-history":[{"count":0,"href":"http:\/\/desarrollo.grupomedios.com\/futbol\/wp-json\/wp\/v2\/posts\/436256\/revisions"}],"wp:featuredmedia":[{"embeddable":true,"href":"http:\/\/desarrollo.grupomedios.com\/futbol\/wp-json\/wp\/v2\/media\/402466"}],"wp:attachment":[{"href":"http:\/\/desarrollo.grupomedios.com\/futbol\/wp-json\/wp\/v2\/media?parent=436256"}],"wp:term":[{"taxonomy":"category","embeddable":true,"href":"http:\/\/desarrollo.grupomedios.com\/futbol\/wp-json\/wp\/v2\/categories?post=436256"},{"taxonomy":"post_tag","embeddable":true,"href":"http:\/\/desarrollo.grupomedios.com\/futbol\/wp-json\/wp\/v2\/tags?post=436256"}],"curies":[{"name":"wp","href":"https:\/\/api.w.org\/{rel}","templated":true}]}}