{"id":436273,"date":"2016-10-17T11:08:28","date_gmt":"2016-10-17T16:08:28","guid":{"rendered":"https:\/\/www.futboltotal.com.mx\/?p=436273"},"modified":"2016-10-17T15:22:35","modified_gmt":"2016-10-17T20:22:35","slug":"gana-jerseys-adidas-futbol-total","status":"publish","type":"post","link":"http:\/\/desarrollo.grupomedios.com\/futbol\/promociones\/gana-jerseys-adidas-futbol-total\/2016\/10","title":{"rendered":"Gana jerseys con adidas y Futbol Total"},"content":{"rendered":"<p>La tercera jornada de la Champions\u00a0League est\u00e1 a unos instantes de arrancar, por ello, en conjunto con <strong>adidas\u00a0<\/strong>tenemos para ti un regalo muy especial: un kit de\u00a0<strong>3 <\/strong><strong>jerseys<\/strong>\u00a0de<strong>\u00a0clubes europeos para el primer lugar, uno de 2 jerseys para el segundo y 1 jersey para el tercer puesto.<\/strong><\/p>\n<p>&nbsp;<\/p>\n<p><strong>BASES:<\/strong><\/p>\n<p>\u2013 Antes de participar es necesario que des\u00a0<em>like<\/em>\u00a0a nuestra\u00a0<a href=\"https:\/\/www.facebook.com\/futboltotalmexico\/?fref=ts\">p\u00e1gina de Facebook<\/a>.<\/p>\n<p>\u2013 Decirnos tu pron\u00f3stico del marcador final con el minuto en el que crees que caer\u00e1 el primer gol (si es que crees que habr\u00e1) de los juegos <strong>Real Madrid<\/strong> vs Legia, \u00a0<strong>Bayern Munich<\/strong> vs PSV y Lyon vs <strong>Juventus<\/strong>\u00a0que se disputar\u00e1n entre el 18 y 19 de octubre de 2016.<\/p>\n<p>\u2013\u00a0Tomarte un selfie con la revista Futbol Total edici\u00f3n octubre, donde en la portada doble aparecen\u00a0Luis Su\u00e1rez y Sergio Ramos como caras de la Gu\u00eda de Champions.<\/p>\n<p>\u2013\u00a0Debes mandar tu pron\u00f3stico\u00a0al mail futboltotal@futboltotal.com.mx con asunto \u201c<strong>KIT<\/strong>\u00a0<strong>JERSEYS CHAMPIONS LEAGUE<\/strong>\u201d. El mensaje deber\u00e1 estar acompa\u00f1ado del\u00a0nombre completo y cuenta de Facebook\u00a0del participante, as\u00ed como la captura de pantalla del Like en Facebook y la foto con la revista.<\/p>\n<p>\u2013\u00a0El primer pron\u00f3stico acertado\u00a0y que cumpla con el requisito de redes sociales ser\u00e1 el\u00a0ganador del\u00a0<strong>Kit <\/strong>de<strong>\u00a03 jerseys, el segundo sitio se llevar\u00e1 2 jerseys y el tercero se har\u00e1 acreedor a uno<\/strong>.<\/p>\n<p>\u2013\u00a0\u00danicamente puedes mandar un correo, de lo contrario ser\u00e1s descalificado.<\/p>\n<p>\u2013 S\u00f3lo se tomar\u00e1n en cuenta pron\u00f3sticos recibidos hasta antes del Martes\u00a018 de septiembre\u00a0a las 12:00 horas.<\/p>\n<p>&nbsp;<\/p>\n<p>El jueves\u00a020 de julio, el <strong>equipo FT<\/strong> se comunicar\u00e1 con los ganadores, quienes deber\u00e1n recoger su premio\u00a0en las oficinas de Futbol Total, ubicadas en la Ciudad de M\u00e9xico. La entrega del premio ser\u00e1 del lunes\u00a024 al viernes 28 de octubre,\u00a0en horario de 10:00 a 15:00 horas. Indispensable presentar original y copia de identificaci\u00f3n oficial.<\/p>\n<p>&nbsp;<\/p>\n<p>\u00a1Mucha suerte\u00a0<em>cracks<\/em>!<\/p>\n","protected":false},"excerpt":{"rendered":"<p>Demuestra tus conocimientos y at\u00ednale a 3 resultados.<\/p>\n","protected":false},"author":20,"featured_media":436277,"comment_status":"closed","ping_status":"closed","sticky":false,"template":"","format":"standard","meta":[],"categories":[60],"tags":[1560,36],"_links":{"self":[{"href":"http:\/\/desarrollo.grupomedios.com\/futbol\/wp-json\/wp\/v2\/posts\/436273"}],"collection":[{"href":"http:\/\/desarrollo.grupomedios.com\/futbol\/wp-json\/wp\/v2\/posts"}],"about":[{"href":"http:\/\/desarrollo.grupomedios.com\/futbol\/wp-json\/wp\/v2\/types\/post"}],"author":[{"embeddable":true,"href":"http:\/\/desarrollo.grupomedios.com\/futbol\/wp-json\/wp\/v2\/users\/20"}],"replies":[{"embeddable":true,"href":"http:\/\/desarrollo.grupomedios.com\/futbol\/wp-json\/wp\/v2\/comments?post=436273"}],"version-history":[{"count":0,"href":"http:\/\/desarrollo.grupomedios.com\/futbol\/wp-json\/wp\/v2\/posts\/436273\/revisions"}],"wp:featuredmedia":[{"embeddable":true,"href":"http:\/\/desarrollo.grupomedios.com\/futbol\/wp-json\/wp\/v2\/media\/436277"}],"wp:attachment":[{"href":"http:\/\/desarrollo.grupomedios.com\/futbol\/wp-json\/wp\/v2\/media?parent=436273"}],"wp:term":[{"taxonomy":"category","embeddable":true,"href":"http:\/\/desarrollo.grupomedios.com\/futbol\/wp-json\/wp\/v2\/categories?post=436273"},{"taxonomy":"post_tag","embeddable":true,"href":"http:\/\/desarrollo.grupomedios.com\/futbol\/wp-json\/wp\/v2\/tags?post=436273"}],"curies":[{"name":"wp","href":"https:\/\/api.w.org\/{rel}","templated":true}]}}