{"id":436296,"date":"2016-10-17T16:33:37","date_gmt":"2016-10-17T21:33:37","guid":{"rendered":"https:\/\/www.futboltotal.com.mx\/?p=436296"},"modified":"2016-10-17T22:58:01","modified_gmt":"2016-10-18T03:58:01","slug":"el-inter-de-milan-confirma-que-icardi-sera-sancionado","status":"publish","type":"post","link":"http:\/\/desarrollo.grupomedios.com\/futbol\/futbol-internacional\/el-inter-de-milan-confirma-que-icardi-sera-sancionado\/2016\/10","title":{"rendered":"Inter de Mil\u00e1n confirma que Icardi ser\u00e1 sancionado"},"content":{"rendered":"<p>El esc\u00e1ndalo que desat\u00f3 Mauro <strong>Icardi<\/strong> con la publicaci\u00f3n de su autobiograf\u00eda, ya tuvo consecuencias en el Inter de Mil\u00e1n.<\/p>\n<p>Entre algunas de las cosas m\u00e1s pol\u00e9micas de las que habla en el libro sobre su vida, el delantero argentino asegura que no dudar\u00eda en acudir a sicarios argentinos si llegara a ser atacado por los <em>tifosi<\/em>\u00a0radicales del Inter.<\/p>\n<p style=\"text-align: center;\"><a href=\"https:\/\/www.futboltotal.com.mx\/2016\/10\/mafia-ofrecio-servicios-atacar-a-mauro-icardi\/\" target=\"_blank\"><span style=\"color: #3366ff;\"><strong>LEER M\u00c1S: \u00bfMafia ofreci\u00f3 servicios para atacar a Mauro Icardi?<\/strong><\/span><\/a><\/p>\n<p>Debido a la pol\u00e9mica desatada tras salir a la luz lo que se public\u00f3 en el libro, <strong>Icardi<\/strong> fue llamado a una reuni\u00f3n con directivos del club <em>Nerazzurro<\/em> -incluido el vicepresidente y ex jugador Javier Zanetti-. En la cita, el argentino fue cuestionado respecto a varios temas relacionados con la autobiograf\u00eda.<\/p>\n<p>Tras el encuentro con <strong>Icardi<\/strong>, la directiva del Inter public\u00f3 un comunicado en su sitio web, en el que informa que el actual capit\u00e1n del equipo ser\u00e1 sancionado por haber violado el reglamento interno del equipo, sin especificar cu\u00e1les son las medidas que se aplicar\u00e1n.<\/p>\n<p style=\"text-align: center;\"><a href=\"https:\/\/www.futboltotal.com.mx\/2016\/06\/diego-maradona-critica-a-mauro-icardi\/\" target=\"_blank\"><span style=\"color: #3366ff;\"><strong>LEER M\u00c1S: \u00bfOtro? Ahora Maradona critic\u00f3 a Mauro Icardi<\/strong><\/span><\/a><\/p>\n<p>Por otra parte, el bolet\u00edn del Inter sigue refiri\u00e9ndose a <strong>Icardi<\/strong> como su capit\u00e1n, por lo que, aparentemente, el argentino continuar\u00e1 portando el gafete.<\/p>\n<blockquote class=\"twitter-tweet\" data-lang=\"en\">\n<p dir=\"ltr\" lang=\"en\">Official statement from F.C. Internazionale: <a href=\"https:\/\/t.co\/bIiGZGquW7\">https:\/\/t.co\/bIiGZGquW7<\/a> <a href=\"https:\/\/twitter.com\/hashtag\/FCIM?src=hash\">#FCIM<\/a> <a href=\"https:\/\/t.co\/YsDZQyE3kA\">pic.twitter.com\/YsDZQyE3kA<\/a><\/p>\n<p>\u2014 F.C. Internazionale (@Inter_en) <a href=\"https:\/\/twitter.com\/Inter_en\/status\/788044286206025728\">October 17, 2016<\/a><\/p><\/blockquote>\n<p><script async src=\"\/\/platform.twitter.com\/widgets.js\" charset=\"utf-8\"><\/script><\/p>\n<p>En los \u00faltimos d\u00edas, Mauro <strong>Icardi <\/strong>ha estado\u00a0en\u00a0los medios m\u00e1s por\u00a0controversias extra futbol\u00edsticas que por razones deportivas. Hace poco, se enred\u00f3 en un l\u00edo con Maradona, quien lo acus\u00f3 de traidor, a lo que el del Inter contest\u00f3 diciendo que el Diego no era ejemplo para nadie.<\/p>\n<p>Encima, revivi\u00f3 el esc\u00e1ndalo en el que <strong>Icardi<\/strong> ha estado envuelto desde hace a\u00f1os, por la relaci\u00f3n que sostiene con la ex pareja de Maxi L\u00f3pez, de quien fue compa\u00f1ero en la Sampdoria: la semana pasada el periodista argentino Carlos Monti\u00a0asegur\u00f3 que miembros de la mafia italiana se acercaron a Maxi para ofrecerle &#8220;romperle las piernas&#8221; a Mauro.<\/p>\n","protected":false},"excerpt":{"rendered":"<p>Habr\u00e1 castigo para el capit\u00e1n del Inter por la publicaci\u00f3n de su autobiograf\u00eda<\/p>\n","protected":false},"author":20,"featured_media":435638,"comment_status":"closed","ping_status":"closed","sticky":false,"template":"","format":"standard","meta":[],"categories":[3839,3848,5951],"tags":[690,5555,1073,227,249,4429,5958],"_links":{"self":[{"href":"http:\/\/desarrollo.grupomedios.com\/futbol\/wp-json\/wp\/v2\/posts\/436296"}],"collection":[{"href":"http:\/\/desarrollo.grupomedios.com\/futbol\/wp-json\/wp\/v2\/posts"}],"about":[{"href":"http:\/\/desarrollo.grupomedios.com\/futbol\/wp-json\/wp\/v2\/types\/post"}],"author":[{"embeddable":true,"href":"http:\/\/desarrollo.grupomedios.com\/futbol\/wp-json\/wp\/v2\/users\/20"}],"replies":[{"embeddable":true,"href":"http:\/\/desarrollo.grupomedios.com\/futbol\/wp-json\/wp\/v2\/comments?post=436296"}],"version-history":[{"count":0,"href":"http:\/\/desarrollo.grupomedios.com\/futbol\/wp-json\/wp\/v2\/posts\/436296\/revisions"}],"wp:featuredmedia":[{"embeddable":true,"href":"http:\/\/desarrollo.grupomedios.com\/futbol\/wp-json\/wp\/v2\/media\/435638"}],"wp:attachment":[{"href":"http:\/\/desarrollo.grupomedios.com\/futbol\/wp-json\/wp\/v2\/media?parent=436296"}],"wp:term":[{"taxonomy":"category","embeddable":true,"href":"http:\/\/desarrollo.grupomedios.com\/futbol\/wp-json\/wp\/v2\/categories?post=436296"},{"taxonomy":"post_tag","embeddable":true,"href":"http:\/\/desarrollo.grupomedios.com\/futbol\/wp-json\/wp\/v2\/tags?post=436296"}],"curies":[{"name":"wp","href":"https:\/\/api.w.org\/{rel}","templated":true}]}}