{"id":436358,"date":"2016-10-18T08:59:18","date_gmt":"2016-10-18T13:59:18","guid":{"rendered":"https:\/\/www.futboltotal.com.mx\/?p=436358"},"modified":"2016-10-18T11:45:15","modified_gmt":"2016-10-18T16:45:15","slug":"pique-se-retracta-en-dejar-la-seleccion-espanola-tras-mundial-rusia-2018","status":"publish","type":"post","link":"http:\/\/desarrollo.grupomedios.com\/futbol\/futbol-internacional\/pique-se-retracta-en-dejar-la-seleccion-espanola-tras-mundial-rusia-2018\/2016\/10","title":{"rendered":"Piqu\u00e9 no se retracta en dejar la Selecci\u00f3n en 2018"},"content":{"rendered":"<p>El central del Barcelona Gerard Piqu\u00e9 ha asegurado este martes que la decisi\u00f3n de dejar la selecci\u00f3n en el 2018, tras el Mundial de Rusia, es &#8220;firme&#8221; y ha subrayado que merece irse &#8220;cu\u00e1ndo y c\u00f3mo&#8221; quiera del combinado espa\u00f1ol.<\/p>\n<blockquote class=\"twitter-tweet\" data-lang=\"es\">\n<p dir=\"ltr\" lang=\"es\"><a href=\"https:\/\/twitter.com\/3gerardpique\">@3gerardpique<\/a>, en rueda de prensa: &#8220;Estoy en el mejor momento de mi carrera&#8221; <a href=\"https:\/\/t.co\/X0icxoWKxy\">https:\/\/t.co\/X0icxoWKxy<\/a> <a href=\"https:\/\/twitter.com\/hashtag\/FCBCity?src=hash\">#FCBCity<\/a> <a href=\"https:\/\/twitter.com\/hashtag\/UCL?src=hash\">#UCL<\/a> <a href=\"https:\/\/t.co\/J5sXXM8iIi\">pic.twitter.com\/J5sXXM8iIi<\/a><\/p>\n<p>\u2014 FC Barcelona (@FCBarcelona_es) <a href=\"https:\/\/twitter.com\/FCBarcelona_es\/status\/788356931199111168\">18 de octubre de 2016<\/a><\/p><\/blockquote>\n<p><script async src=\"\/\/platform.twitter.com\/widgets.js\" charset=\"utf-8\"><\/script><\/p>\n<p>En la rueda de prensa previa al encuentro de la Liga de Campeones que el Barcelona disputar\u00e1 ma\u00f1ana ante el Manchester City, <strong>Piqu\u00e9<\/strong> ha comparecido p\u00fablicamente por primera vez desde que anunciara su adi\u00f3s el pasado 10 de octubre.<\/p>\n<p>&#8220;La decisi\u00f3n es firme. Quiz\u00e1s los acontecimientos se precipitaron en Albania. No quer\u00eda anunciarlo ah\u00ed, pero sal\u00ed caliente por esa noticia que se demostr\u00f3 ser falsa y sent\u00ed que deb\u00eda decirlo&#8221;, ha explicado.<\/p>\n<p>Fue en el \u00faltimo encuentro de la selecci\u00f3n ante Albania, cuando el central anunci\u00f3 su adi\u00f3s del combinado espa\u00f1ol debido a una pol\u00e9mica con su camiseta.<\/p>\n<p>Acostumbrado a llevar zamarra de manga larga, lo que hizo en Albania fue cort\u00e1rsela y muchos interpretaron que hab\u00eda quitado la bandera de <strong>Espa\u00f1a<\/strong>, algo que el jugador desminti\u00f3 tras el encuentro.<\/p>\n<p>&#8220;He le\u00eddo que si &#8216;Twitter&#8217; me ha echado que si As y Marca me han echado con sus noticias o que si me ha echado la marioneta de Florentino (P\u00e9rez) con su panfleto &#8216;Ok Diario&#8217;. Es una decisi\u00f3n que he tomado yo, que merezco irme cu\u00e1ndo y c\u00f3mo quiera en el <strong>Mundial de 2018<\/strong>&#8220;, ha aseverado.<\/p>\n<p style=\"text-align: center;\"><strong><span style=\"color: #3366ff;\">LEER M\u00c1S:<a style=\"color: #3366ff;\" href=\"https:\/\/www.futboltotal.com.mx\/2016\/10\/monterrey-fecha-premier-pelicula\/\">Monterrey tiene fecha de premier para su pel\u00edcula<\/a><\/span><\/strong><\/p>\n<p>En este sentido, ha defendido que &#8220;la mejor opci\u00f3n es dar un paso al lado y que las generaciones que lleguen cojan el relevo&#8221;, ha insistido.<\/p>\n<p>En la comparecencia, <strong>Piqu\u00e9<\/strong> ha subrayado que s\u00f3lo responder\u00eda una pregunta relacionada con su adi\u00f3s de la selecci\u00f3n y ha expresado que dar\u00e1 m\u00e1s explicaciones en la pr\u00f3xima convocatoria.<\/p>\n<p>Sin embargo, el central azulgrana ha admitido, al ser preguntado por unas declaraciones en una entrevista televisiva que se emiti\u00f3 hace unos d\u00edas, que en 2014, tras el Mundial de Brasil, tambi\u00e9n hab\u00eda pensado en dejar el f\u00fatbol por falta de motivaci\u00f3n.<\/p>\n<p>&#8220;Despu\u00e9s del <strong>Mundial<\/strong> de Brasil habl\u00e9 con Vicente del Bosque y Mar\u00eda Jos\u00e9 Claramunt (directora de la selecci\u00f3n) y les dije que no quer\u00eda continuar. Al final hablando con ellos decid\u00ed cambiar de opini\u00f3n. Era una cuesti\u00f3n de motivaci\u00f3n. Al cabo del tiempo el hecho que viniera Luis Enrique y nos aportara esa revoluci\u00f3n hizo que cambiara&#8221;, ha desvelado. EFE<\/p>\n<p style=\"text-align: center;\"><strong><span style=\"color: #3366ff;\">LEER M\u00c1S:\u00a0<a style=\"color: #3366ff;\" href=\"https:\/\/www.futboltotal.com.mx\/2016\/10\/caixinha-en-la-orbita-cruz-azul\/\">Caixinha, en la \u00f3rbita de Cruz Azul<\/a><\/span><\/strong><\/p>\n","protected":false},"excerpt":{"rendered":"<p>Piqu\u00e9 subray\u00f3 que merece irse &#8220;cu\u00e1ndo y c\u00f3mo&#8221; quiera del combinado espa\u00f1ol.<\/p>\n","protected":false},"author":144,"featured_media":434711,"comment_status":"closed","ping_status":"closed","sticky":false,"template":"","format":"standard","meta":[],"categories":[3839,3844,5951],"tags":[841],"_links":{"self":[{"href":"http:\/\/desarrollo.grupomedios.com\/futbol\/wp-json\/wp\/v2\/posts\/436358"}],"collection":[{"href":"http:\/\/desarrollo.grupomedios.com\/futbol\/wp-json\/wp\/v2\/posts"}],"about":[{"href":"http:\/\/desarrollo.grupomedios.com\/futbol\/wp-json\/wp\/v2\/types\/post"}],"author":[{"embeddable":true,"href":"http:\/\/desarrollo.grupomedios.com\/futbol\/wp-json\/wp\/v2\/users\/144"}],"replies":[{"embeddable":true,"href":"http:\/\/desarrollo.grupomedios.com\/futbol\/wp-json\/wp\/v2\/comments?post=436358"}],"version-history":[{"count":0,"href":"http:\/\/desarrollo.grupomedios.com\/futbol\/wp-json\/wp\/v2\/posts\/436358\/revisions"}],"wp:featuredmedia":[{"embeddable":true,"href":"http:\/\/desarrollo.grupomedios.com\/futbol\/wp-json\/wp\/v2\/media\/434711"}],"wp:attachment":[{"href":"http:\/\/desarrollo.grupomedios.com\/futbol\/wp-json\/wp\/v2\/media?parent=436358"}],"wp:term":[{"taxonomy":"category","embeddable":true,"href":"http:\/\/desarrollo.grupomedios.com\/futbol\/wp-json\/wp\/v2\/categories?post=436358"},{"taxonomy":"post_tag","embeddable":true,"href":"http:\/\/desarrollo.grupomedios.com\/futbol\/wp-json\/wp\/v2\/tags?post=436358"}],"curies":[{"name":"wp","href":"https:\/\/api.w.org\/{rel}","templated":true}]}}