{"id":436464,"date":"2016-10-18T15:27:41","date_gmt":"2016-10-18T20:27:41","guid":{"rendered":"https:\/\/www.futboltotal.com.mx\/?p=436464"},"modified":"2016-10-18T16:27:15","modified_gmt":"2016-10-18T21:27:15","slug":"atajadas-gigi-buffon-en-champions","status":"publish","type":"post","link":"http:\/\/desarrollo.grupomedios.com\/futbol\/futbol-internacional\/atajadas-gigi-buffon-en-champions\/2016\/10","title":{"rendered":"Qu\u00e9 atajadas de Gigi Buffon en Champions"},"content":{"rendered":"<p>Ser uno de los 35 jugadores que supera la centena de partidos en la Champions League y el segundo italiano -solo detr\u00e1s de Paolo Maldini- habla de la clase de jugador que es <strong>Gianluigi Buffon<\/strong>. Tit\u00e1nico.<\/p>\n<p>Hoy, con 38 a\u00f1os a cuestas, <em>Gigi\u00a0<\/em>sigue ofreciendo garant\u00edas bajo los tres palos y la prueba de ello son el par de atajadas de primer nivel que realiz\u00f3 la noche de este martes en la tercera jornada de fase de grupos de Champions League 2016-17 ante el Lyon.<\/p>\n<p style=\"text-align: center;\"><span style=\"color: #3366ff;\"><strong>LEER M\u00c1S: Todas las noticias de Champions League<\/strong><\/span><\/p>\n<p>En su partido 109 de la competici\u00f3n ha estado imbatible. Despu\u00e9s de 13 a\u00f1os volvi\u00f3 a a tapar un penal -el cuarto en esta competici\u00f3n- exhibiendo olfato de cancerbero e intuici\u00f3n pura. Apenas congel\u00f3 el esf\u00e9rico, se levant\u00f3 para evitar el contarremate y luego de que el bal\u00f3n acabara fuera del campo empu\u00f1\u00f3 la mano derecha y peg\u00f3 un grito desaforado.<\/p>\n<p>hoy su cuarto penalti en Champions League. No paraba uno desde hac\u00eda 13 a\u00f1os<\/p>\n<blockquote class=\"twitter-tweet\" data-lang=\"es\">\n<p dir=\"ltr\" lang=\"en\">BUFFON IS BACK! Fantastic save on Lacazette&#8217;s penalty. <a href=\"https:\/\/t.co\/VrxDJoAbIz\">pic.twitter.com\/VrxDJoAbIz<\/a><\/p>\n<p>\u2014 Stereo Serie A Radio (@StereoSerieA) <a href=\"https:\/\/twitter.com\/StereoSerieA\/status\/788461515074596864\">18 de octubre de 2016<\/a><\/p><\/blockquote>\n<p><script async src=\"\/\/platform.twitter.com\/widgets.js\" charset=\"utf-8\"><\/script><br \/>\nPero no fue lo mejor de <em>Gigi.\u00a0<\/em>Despu\u00e9s vino un mano a mano en el que luci\u00f3 de nueva cuenta reflejos de superh\u00e9roe y evit\u00f3 con el antebrazo derecho que el bal\u00f3n acabase en el fondo de las redes. <strong>Buffon<\/strong>, el de siempre, sostiene a la Juventus.<\/p>\n<blockquote class=\"twitter-tweet\" data-lang=\"es\">\n<p dir=\"ltr\" lang=\"es\">La mano de Buffon. LA MANO DE BUFFON. Espectacular lo del italiano con 38 a\u00f1os. <a href=\"https:\/\/t.co\/ZVhv4CrsEU\">pic.twitter.com\/ZVhv4CrsEU<\/a><\/p>\n<p>\u2014 Albert Ortega (@solosiamonoi) <a href=\"https:\/\/twitter.com\/solosiamonoi\/status\/788471183784157184\">18 de octubre de 2016<\/a><\/p><\/blockquote>\n<p><script async src=\"\/\/platform.twitter.com\/widgets.js\" charset=\"utf-8\"><\/script><\/p>\n","protected":false},"excerpt":{"rendered":"<p>El arquero, de 38 a\u00f1os, hizo dos portentosos lances en Lyon<\/p>\n","protected":false},"author":20,"featured_media":436479,"comment_status":"closed","ping_status":"closed","sticky":false,"template":"","format":"standard","meta":[],"categories":[3841,3839,5951],"tags":[6027,5999],"_links":{"self":[{"href":"http:\/\/desarrollo.grupomedios.com\/futbol\/wp-json\/wp\/v2\/posts\/436464"}],"collection":[{"href":"http:\/\/desarrollo.grupomedios.com\/futbol\/wp-json\/wp\/v2\/posts"}],"about":[{"href":"http:\/\/desarrollo.grupomedios.com\/futbol\/wp-json\/wp\/v2\/types\/post"}],"author":[{"embeddable":true,"href":"http:\/\/desarrollo.grupomedios.com\/futbol\/wp-json\/wp\/v2\/users\/20"}],"replies":[{"embeddable":true,"href":"http:\/\/desarrollo.grupomedios.com\/futbol\/wp-json\/wp\/v2\/comments?post=436464"}],"version-history":[{"count":0,"href":"http:\/\/desarrollo.grupomedios.com\/futbol\/wp-json\/wp\/v2\/posts\/436464\/revisions"}],"wp:featuredmedia":[{"embeddable":true,"href":"http:\/\/desarrollo.grupomedios.com\/futbol\/wp-json\/wp\/v2\/media\/436479"}],"wp:attachment":[{"href":"http:\/\/desarrollo.grupomedios.com\/futbol\/wp-json\/wp\/v2\/media?parent=436464"}],"wp:term":[{"taxonomy":"category","embeddable":true,"href":"http:\/\/desarrollo.grupomedios.com\/futbol\/wp-json\/wp\/v2\/categories?post=436464"},{"taxonomy":"post_tag","embeddable":true,"href":"http:\/\/desarrollo.grupomedios.com\/futbol\/wp-json\/wp\/v2\/tags?post=436464"}],"curies":[{"name":"wp","href":"https:\/\/api.w.org\/{rel}","templated":true}]}}