{"id":436649,"date":"2016-10-18T22:53:37","date_gmt":"2016-10-19T03:53:37","guid":{"rendered":"https:\/\/www.futboltotal.com.mx\/?p=436649"},"modified":"2016-10-18T22:57:32","modified_gmt":"2016-10-19T03:57:32","slug":"america-espera-a-chivas-en-semifinales","status":"publish","type":"post","link":"http:\/\/desarrollo.grupomedios.com\/futbol\/destacado-home\/america-espera-a-chivas-en-semifinales\/2016\/10","title":{"rendered":"Am\u00e9rica, a semifinales de Copa \u00bfHabr\u00e1 Cl\u00e1sico?"},"content":{"rendered":"<p>Con un par de goles en el primer tiempo,<strong> Am\u00e9rica<\/strong>\u00a0encarril\u00f3 la victoria 3-2 sobre Jaguares en la cancha del estadio Azteca y se convirti\u00f3 en el primer semifinalista de la <strong>Copa MX 2016<\/strong>. Los <em>Azulcremas<\/em>, imbatibles en el presente certamen, esperan a Chivas, amplio favorito para el duelo de este mi\u00e9rcoles ante Alebrijes.<\/p>\n<p><strong>Am\u00e9rica\u00a0<\/strong>destap\u00f3 el marcador solo seis minutos despu\u00e9s de haber iniciado el primer tiempo. Lo hizo despu\u00e9s de una gran recuperaci\u00f3n del brasile\u00f1o William da Silva, que rob\u00f3 el bal\u00f3n en tres cuartos de campo y lo cedi\u00f3 a Michael Arroyo, quien defini\u00f3 tras romper la cintura de un rival con una bicicleta.<\/p>\n<p style=\"text-align: center;\"><a href=\"https:\/\/www.futboltotal.com.mx\/futbol-mexicano\/\"><span style=\"color: #3366ff;\"><strong>LEER M\u00c1S: Todas las noticias de mexicanos en Europa<\/strong><\/span><\/a><\/p>\n<p><iframe loading=\"lazy\" src=\"https:\/\/www.youtube.com\/embed\/ZWxCeDHh-XU\" frameborder=\"0\" allowfullscreen=\"allowfullscreen\"><\/iframe><br \/>\nLas <em>\u00c1guilas\u00a0<\/em>ampliaron la ventaja al minuto 24, luego de una gran jugada en la que Pablo Aguilar le puso una certero pase filtrado a\u00a0Sambueza. El bal\u00f3n meci\u00f3 la red con una soberbia definici\u00f3n.<\/p>\n<p>HPero en el segundo tiempo, <strong>Am\u00e9rica<\/strong>\u00a0acab\u00f3 sufriendo ante un rival que vendi\u00f3 muy cara la derrota y que convirti\u00f3 dos errores puntuales en un par de goles.<\/p>\n<p>El brasile\u00f1o Vanderlei Dias descont\u00f3 desde el manch\u00f3n penal, despu\u00e9s de una mano descarada de\u00a0Osmar Mares tras un remate de F\u00e9lix Araujo al minuto 55. Y, aunque Am\u00e9rica recobr\u00f3 la ventaja al 71 tras una tiro de esquina que refundi\u00f3 en la red Paolo Goltz, Chiapas firm\u00f3 el segundo con una jugada exquisita que firm\u00f3 Adri\u00e1n Mar\u00edn.<\/p>\n<p><strong>Am\u00e9rica<\/strong> pudo marcar un gol m\u00e1s pero el travesa\u00f1o evit\u00f3 que William da Silva moviera las redes. Jaguares tambi\u00e9n tuvo una ocasi\u00f3n m\u00e1s pero en un mano a mano Hugo Gonz\u00e1lez evit\u00f3 un tanto que pudo cambiar por completo el partido.<\/p>\n","protected":false},"excerpt":{"rendered":"<p>Las \u00c1guilas sufren pero someten 3-2 a Jaguares en el Azteca <\/p>\n","protected":false},"author":20,"featured_media":436685,"comment_status":"closed","ping_status":"closed","sticky":false,"template":"","format":"standard","meta":[],"categories":[4247,5,2198],"tags":[5959,5964],"_links":{"self":[{"href":"http:\/\/desarrollo.grupomedios.com\/futbol\/wp-json\/wp\/v2\/posts\/436649"}],"collection":[{"href":"http:\/\/desarrollo.grupomedios.com\/futbol\/wp-json\/wp\/v2\/posts"}],"about":[{"href":"http:\/\/desarrollo.grupomedios.com\/futbol\/wp-json\/wp\/v2\/types\/post"}],"author":[{"embeddable":true,"href":"http:\/\/desarrollo.grupomedios.com\/futbol\/wp-json\/wp\/v2\/users\/20"}],"replies":[{"embeddable":true,"href":"http:\/\/desarrollo.grupomedios.com\/futbol\/wp-json\/wp\/v2\/comments?post=436649"}],"version-history":[{"count":0,"href":"http:\/\/desarrollo.grupomedios.com\/futbol\/wp-json\/wp\/v2\/posts\/436649\/revisions"}],"wp:featuredmedia":[{"embeddable":true,"href":"http:\/\/desarrollo.grupomedios.com\/futbol\/wp-json\/wp\/v2\/media\/436685"}],"wp:attachment":[{"href":"http:\/\/desarrollo.grupomedios.com\/futbol\/wp-json\/wp\/v2\/media?parent=436649"}],"wp:term":[{"taxonomy":"category","embeddable":true,"href":"http:\/\/desarrollo.grupomedios.com\/futbol\/wp-json\/wp\/v2\/categories?post=436649"},{"taxonomy":"post_tag","embeddable":true,"href":"http:\/\/desarrollo.grupomedios.com\/futbol\/wp-json\/wp\/v2\/tags?post=436649"}],"curies":[{"name":"wp","href":"https:\/\/api.w.org\/{rel}","templated":true}]}}