{"id":436767,"date":"2016-10-19T12:53:52","date_gmt":"2016-10-19T17:53:52","guid":{"rendered":"https:\/\/www.futboltotal.com.mx\/?p=436767"},"modified":"2016-10-19T12:53:52","modified_gmt":"2016-10-19T17:53:52","slug":"marco-fabian-no-se-rinde-en-el-eintracht","status":"publish","type":"post","link":"http:\/\/desarrollo.grupomedios.com\/futbol\/futbol-internacional\/marco-fabian-no-se-rinde-en-el-eintracht\/2016\/10","title":{"rendered":"Marco Fabi\u00e1n no se rinde en el Eintracht"},"content":{"rendered":"<p>El mediocampista mexicano <strong>Marco Fabi\u00e1n<\/strong> asegur\u00f3 que nunca baj\u00f3 los brazos a pesar de tener un inicio complicado en el futbol de Alemania, y acept\u00f3 disfrutar del buen presente que vive en las filas del equipo Eintracht Frankfurt.<\/p>\n<blockquote><p>\u201cPor a\u00f1os trabaj\u00e9 muy duro para obtener la oportunidad de jugar en Europa, y es por eso que no te rindes y te vas a casa despu\u00e9s de seis meses en la Bundesliga\u201d, se\u00f1al\u00f3 <strong>Fabi\u00e1n<\/strong> de la Mora.<\/p>\n<p style=\"text-align: center;\"><a href=\"https:\/\/www.futboltotal.com.mx\/futbol-internacional\/mexicanos-en-europa\/\"><span style=\"color: #3366ff;\"><strong>LEER M\u00c1S: Todas las noticias de mexicanos en Europa<\/strong><\/span><\/a><\/p>\n<\/blockquote>\n<p>La temporada anterior, el jugador de 27 a\u00f1os tuvo actividad en 11 juegos con las <em>\u00c1guilas<\/em>, en los cuales no consigui\u00f3 anotar y sum\u00f3 s\u00f3lo dos asistencias; caso distinto al de la presente temporada, en la que registra tres goles y dos pases a gol en cinco partidos, para convertirse en pieza angular del esquema ofensivo de Frankfurt.<\/p>\n<blockquote><p>\u201cSab\u00eda que necesitaba tiempo para adaptarme a un nuevo equipo en un nuevo continente\u201d, mencion\u00f3 el ex jugador del <em>Reba\u00f1o Sagrado<\/em>, y agreg\u00f3 que en ning\u00fan momento consider\u00f3 abandonar el club a pesar de las complicaciones que tuvo a su llegada al balompi\u00e9 germano.<\/p><\/blockquote>\n<p>El centrocampista tambi\u00e9n destac\u00f3 que tener m\u00e1s minutos de juego le ha permitido tomar ritmo, e indic\u00f3 que \u201cme han dado la oportunidad de demostrar lo que puedo hacer y la estoy aprovechando\u201d.<\/p>\n<p>La v\u00edspera, el medallista de oro en los Juegos Ol\u00edmpicos de Londres 2012 fue nombrado jugador de la semana en la Bundesliga por su destacada actuaci\u00f3n en la jornada siete, en la que marc\u00f3 el tanto con el que Eintracht rescat\u00f3 el empate 2-2 ante el vigente campe\u00f3n del torneo, el Bayern Munich.<\/p>\n<p>&nbsp;<\/p>\n","protected":false},"excerpt":{"rendered":"<p>El mexicano cuenta c\u00f3mo ha ganado la confianza del entrenador Niko Kovac<\/p>\n","protected":false},"author":20,"featured_media":436768,"comment_status":"closed","ping_status":"closed","sticky":false,"template":"","format":"standard","meta":[],"categories":[3839,6718,5951],"tags":[3588,131],"_links":{"self":[{"href":"http:\/\/desarrollo.grupomedios.com\/futbol\/wp-json\/wp\/v2\/posts\/436767"}],"collection":[{"href":"http:\/\/desarrollo.grupomedios.com\/futbol\/wp-json\/wp\/v2\/posts"}],"about":[{"href":"http:\/\/desarrollo.grupomedios.com\/futbol\/wp-json\/wp\/v2\/types\/post"}],"author":[{"embeddable":true,"href":"http:\/\/desarrollo.grupomedios.com\/futbol\/wp-json\/wp\/v2\/users\/20"}],"replies":[{"embeddable":true,"href":"http:\/\/desarrollo.grupomedios.com\/futbol\/wp-json\/wp\/v2\/comments?post=436767"}],"version-history":[{"count":0,"href":"http:\/\/desarrollo.grupomedios.com\/futbol\/wp-json\/wp\/v2\/posts\/436767\/revisions"}],"wp:featuredmedia":[{"embeddable":true,"href":"http:\/\/desarrollo.grupomedios.com\/futbol\/wp-json\/wp\/v2\/media\/436768"}],"wp:attachment":[{"href":"http:\/\/desarrollo.grupomedios.com\/futbol\/wp-json\/wp\/v2\/media?parent=436767"}],"wp:term":[{"taxonomy":"category","embeddable":true,"href":"http:\/\/desarrollo.grupomedios.com\/futbol\/wp-json\/wp\/v2\/categories?post=436767"},{"taxonomy":"post_tag","embeddable":true,"href":"http:\/\/desarrollo.grupomedios.com\/futbol\/wp-json\/wp\/v2\/tags?post=436767"}],"curies":[{"name":"wp","href":"https:\/\/api.w.org\/{rel}","templated":true}]}}