{"id":436988,"date":"2016-10-22T20:45:14","date_gmt":"2016-10-23T01:45:14","guid":{"rendered":"https:\/\/www.futboltotal.com.mx\/?p=436988"},"modified":"2016-10-22T22:58:17","modified_gmt":"2016-10-23T03:58:17","slug":"en-vivo-leon-vs-morelia-liga-mx-2","status":"publish","type":"post","link":"http:\/\/desarrollo.grupomedios.com\/futbol\/futbol-mexicano\/en-vivo-leon-vs-morelia-liga-mx-2\/2016\/10","title":{"rendered":"AS\u00cd SE VIVI\u00d3 | Le\u00f3n vs Morelia | Liga MX"},"content":{"rendered":"<p><a class=\"twitter-timeline\" href=\"https:\/\/twitter.com\/search?q=from%3Aclubleonfc%2C%20OR%20from%3AFuerzaMonarca\" data-widget-id=\"790007230481305601\">Tweets sobre from:clubleonfc, OR from:FuerzaMonarca<\/a><br \/>\n<script>!function(d,s,id){var js,fjs=d.getElementsByTagName(s)[0],p=\/^http:\/.test(d.location)?'http':'https';if(!d.getElementById(id)){js=d.createElement(s);js.id=id;js.src=p+\":\/\/platform.twitter.com\/widgets.js\";fjs.parentNode.insertBefore(js,fjs);}}(document,\"script\",\"twitter-wjs\");<\/script><\/p>\n<p>En el Nou Camp, la fiesta del futbol comenzar\u00e1 a las 19:06 horas del s\u00e1bado 22 de octubre, cuando comience el <strong><a href=\"http:\/\/www.futboltotal.com.mx\/equipos\/leon\/\" target=\"_blank\">Le\u00f3n<\/a> vs <a href=\"http:\/\/www.futboltotal.com.mx\/equipos\/morelia\/\" target=\"_blank\">Morelia<\/a><\/strong>, donde la <em>Fiera<\/em> querr\u00e1 aprovecharse del sotanero porcentual, para mejorar sus aspiraciones de liguilla.<\/p>\n<p><strong>Le\u00f3n<\/strong> se encuentra en la posici\u00f3n 9 de la competencia, luego de no conocer la derrota, desde que Javier Torrente relev\u00f3 a Luis Fernando Tena en el banquillo del club. La<em> Fiera<\/em> tiene 18 puntos y est\u00e1 muy cerca de Necaxa y Toluca, que ocupan los lugares 8 y 7, respectivamente, por ello luce ambicioso derrotar a una <em>Monarqu\u00eda<\/em> con mala racha.<\/p>\n<p>\u201cDud\u00e9 mucho en regresar a M\u00e9xico, pero ahora agradezco a Le\u00f3n, quiero seguir mucho tiempo. La convocatoria a la selecci\u00f3n de Colombia me da m\u00e1s ganas. Eso es gracias a la <em>Fiera<\/em> y mis compa\u00f1eros\u201d, se\u00f1ala Alexander Mej\u00eda, previo al encuentro.<\/p>\n<p><strong>Morelia<\/strong> lleva un mal paso y quiere salir de \u00e9l para comenzar a alejarse del s\u00f3tano porcentual, que no ha podido abandonar desde hace varias fechas, justo cuando Necaxa comenz\u00f3 a ascender. La <em>Monarqu\u00eda<\/em> no est\u00e1 muy lejos del Veracruz en los cocientes, pero no ha podido alcanzarlos, pese a que ellos tampoco han podido sumar.<\/p>\n<p><strong>Le\u00f3n vs Morelia<\/strong>, \u00bfqui\u00e9n ganar\u00e1 este partido, <em>cracks<\/em>?<\/p>\n","protected":false},"excerpt":{"rendered":"<p>La Fiera se aprovech\u00f3 de la sequ\u00eda de Monarcas<\/p>\n","protected":false},"author":20,"featured_media":437730,"comment_status":"closed","ping_status":"closed","sticky":false,"template":"","format":"standard","meta":[],"categories":[2198,3845],"tags":[5965,5967],"_links":{"self":[{"href":"http:\/\/desarrollo.grupomedios.com\/futbol\/wp-json\/wp\/v2\/posts\/436988"}],"collection":[{"href":"http:\/\/desarrollo.grupomedios.com\/futbol\/wp-json\/wp\/v2\/posts"}],"about":[{"href":"http:\/\/desarrollo.grupomedios.com\/futbol\/wp-json\/wp\/v2\/types\/post"}],"author":[{"embeddable":true,"href":"http:\/\/desarrollo.grupomedios.com\/futbol\/wp-json\/wp\/v2\/users\/20"}],"replies":[{"embeddable":true,"href":"http:\/\/desarrollo.grupomedios.com\/futbol\/wp-json\/wp\/v2\/comments?post=436988"}],"version-history":[{"count":0,"href":"http:\/\/desarrollo.grupomedios.com\/futbol\/wp-json\/wp\/v2\/posts\/436988\/revisions"}],"wp:featuredmedia":[{"embeddable":true,"href":"http:\/\/desarrollo.grupomedios.com\/futbol\/wp-json\/wp\/v2\/media\/437730"}],"wp:attachment":[{"href":"http:\/\/desarrollo.grupomedios.com\/futbol\/wp-json\/wp\/v2\/media?parent=436988"}],"wp:term":[{"taxonomy":"category","embeddable":true,"href":"http:\/\/desarrollo.grupomedios.com\/futbol\/wp-json\/wp\/v2\/categories?post=436988"},{"taxonomy":"post_tag","embeddable":true,"href":"http:\/\/desarrollo.grupomedios.com\/futbol\/wp-json\/wp\/v2\/tags?post=436988"}],"curies":[{"name":"wp","href":"https:\/\/api.w.org\/{rel}","templated":true}]}}