{"id":437246,"date":"2016-10-20T14:44:51","date_gmt":"2016-10-20T19:44:51","guid":{"rendered":"https:\/\/www.futboltotal.com.mx\/?p=437246"},"modified":"2016-10-20T14:44:51","modified_gmt":"2016-10-20T19:44:51","slug":"resultados-europa-league-osmanlispor-2-2-villarreal","status":"publish","type":"post","link":"http:\/\/desarrollo.grupomedios.com\/futbol\/futbol-internacional\/resultados-europa-league-osmanlispor-2-2-villarreal\/2016\/10","title":{"rendered":"Jonathan y Villarreal rescatan el empate en la Europa League"},"content":{"rendered":"<p>El <strong>Villarreal, <\/strong>donde participa el mexicano<strong> Jonathan Dos Santos,<\/strong>\u00a0empat\u00f3 a dos goles en su visita al <strong>Osmanlispor<\/strong>, en un partido que estuvo marcado por la expulsi\u00f3n en los primeros compases del segundo tiempo del local G\u00fcven, lo que aprovech\u00f3 el equipo espa\u00f1ol para neutralizar una desventaja de dos tantos.<\/p>\n<blockquote class=\"twitter-tweet\" data-lang=\"es\">\n<p dir=\"ltr\" lang=\"es\"><a href=\"https:\/\/twitter.com\/hashtag\/UEL?src=hash\">#UEL<\/a> 2-2 \u23f195&#8242; | \u00a1Y FINAL! \u00a1FINAL! \u00a1FINAL! <a href=\"https:\/\/twitter.com\/OsmanlisporFK\">@OsmanlisporFK<\/a> 2-2 Villarreal CF. El Submarino volte\u00f3 en la segunda parte dos goles de desventaja.<\/p>\n<p>\u2014 Villarreal CF (@VillarrealCF) <a href=\"https:\/\/twitter.com\/VillarrealCF\/status\/789178531867602944\">20 de octubre de 2016<\/a><\/p><\/blockquote>\n<p><script async src=\"\/\/platform.twitter.com\/widgets.js\" charset=\"utf-8\"><\/script><\/p>\n<p>En el ecuador del primer acto lleg\u00f3 el minuto fat\u00eddico para el <strong>Villarreal<\/strong> con un Rosescu desatado que, en apenas 60 segundos, bati\u00f3 en dos ocasiones a Andr\u00e9s Fern\u00e1ndez.<\/p>\n<p>El primer gol de los turcos lleg\u00f3 en una gran acci\u00f3n de los locales, tras un bonito pase en largo de Lawal al lateral Vrsajevic, que le gan\u00f3 por completo la espalda a Jose \u00c1ngel para plantarse ante el meta espa\u00f1ol y ceder al segundo palo a Rusescu para que marcara a placer.<\/p>\n<p style=\"text-align: center;\"><strong><span style=\"color: #3366ff;\">LEER M\u00c1S:\u00a0<a style=\"color: #3366ff;\" href=\"https:\/\/www.futboltotal.com.mx\/2016\/10\/miguel-layun-en-11-ideal-la-champions-league\/\">Miguel Lay\u00fan, en el 11 ideal de la Champions League<\/a><\/span><\/strong><\/p>\n<p>En el saque de centro del campo, el <strong>Villarreal<\/strong> perdi\u00f3 el bal\u00f3n y el delantero rumano, tras avanzar unos metros, lanz\u00f3 un lejano disparo, con mucho efecto, que sorprendi\u00f3 a Andr\u00e9s y subi\u00f3 el segundo tanto a la cuenta de los otomanos.<\/p>\n<p>Con el 2-0 en contra, el <strong>Villarreal<\/strong> no tuvo m\u00e1s remedio que avanzar l\u00edneas. Aument\u00f3 su dominio ante un rival replegado y el colombiano santos Borr\u00e9 tuvo una buena ocasi\u00f3n de gol dentro del \u00e1rea, pero su disparo lo sac\u00f3 a una mano Hakan Arikan.<\/p>\n<p>La buena circulaci\u00f3n de bal\u00f3n del <strong>Villarreal<\/strong> apenas dur\u00f3 unos minutos. De nuevo cay\u00f3 en las p\u00e9rdidas del esf\u00e9rico, lo que aprovech\u00f3 el centrocampista N&#8217;Diay\u00e9 para poner en jaque a la zaga del conjunto espa\u00f1ol con su velocidad, aunque se lleg\u00f3 al descanso sin m\u00e1s variaciones en el marcador.<\/p>\n<p style=\"text-align: center;\"><strong><span style=\"color: #3366ff;\">LEER M\u00c1S:\u00a0<a style=\"color: #3366ff;\" href=\"https:\/\/www.futboltotal.com.mx\/2016\/10\/se-cumplen-40-anos-del-debut-diego-armando-maradona\/\">A 40 a\u00f1os del debut de Diego Armando Maradona<\/a><\/span><\/strong><\/p>\n<p>El paso por los vestuarios no supuso mejora alguna en el juego del <strong>Villarreal<\/strong>, que de nuevo se mostr\u00f3 muy err\u00e1tico hasta que lleg\u00f3 la jugada clave a los ocho minutos de la reanudaci\u00f3n que cambi\u00f3 el gui\u00f3n del partido.<\/p>\n<p>G\u00fciven cometi\u00f3 un claro penalti sobre Pato que adem\u00e1s supuso la expulsi\u00f3n, rigurosa, del jugador turco. La pena m\u00e1xima la lanz\u00f3 Bruno, pero la detuvo Arikan y el bal\u00f3n acab\u00f3 en un saque de esquina, en el que N&#8217;Diay\u00e9 enmend\u00f3 el error de su capit\u00e1n al rematar a gol en el primer palo y acortar distancias.<\/p>\n<p>La decoraci\u00f3n del duelo vari\u00f3 por completo. El <strong>Osmanlispor<\/strong> se atrincher\u00f3 en su campo y el <strong>Villarreal<\/strong> pas\u00f3 a ser el due\u00f1o y se\u00f1or del partido. Ante esta tesitura, era cuesti\u00f3n de tiempo que llegara el empate y se produjo a un cuarto de hora del final, tras una gran acci\u00f3n por una banda de Castillejo y Rukavina, que dej\u00f3 el bal\u00f3n atr\u00e1s a Pato y el brasile\u00f1o logr\u00f3 la igualada.<\/p>\n<p><iframe loading=\"lazy\" src=\"https:\/\/www.youtube.com\/embed\/zUTc7THD7-4?feature=oembed\" frameborder=\"0\" allowfullscreen><\/iframe><\/p>\n<p>Con quince minutos por delante, Escrib\u00e1 ech\u00f3 el resto desde el banquillo para ir a por la victoria, pero curiosamente fueron los peores minutos jugados por su equipo, que incluso recibi\u00f3 alg\u00fan susto por parte del <strong>Osmanlispor<\/strong>. Al final, se firm\u00f3 un empate que deja muy comprimido el grupo tras las tres primeras jornadas.<\/p>\n","protected":false},"excerpt":{"rendered":"<p>Jonathan Dos Santos sali\u00f3 al minuto 70<\/p>\n","protected":false},"author":144,"featured_media":411120,"comment_status":"closed","ping_status":"closed","sticky":false,"template":"","format":"standard","meta":[],"categories":[3857,3839,5951],"tags":[516,2607],"_links":{"self":[{"href":"http:\/\/desarrollo.grupomedios.com\/futbol\/wp-json\/wp\/v2\/posts\/437246"}],"collection":[{"href":"http:\/\/desarrollo.grupomedios.com\/futbol\/wp-json\/wp\/v2\/posts"}],"about":[{"href":"http:\/\/desarrollo.grupomedios.com\/futbol\/wp-json\/wp\/v2\/types\/post"}],"author":[{"embeddable":true,"href":"http:\/\/desarrollo.grupomedios.com\/futbol\/wp-json\/wp\/v2\/users\/144"}],"replies":[{"embeddable":true,"href":"http:\/\/desarrollo.grupomedios.com\/futbol\/wp-json\/wp\/v2\/comments?post=437246"}],"version-history":[{"count":0,"href":"http:\/\/desarrollo.grupomedios.com\/futbol\/wp-json\/wp\/v2\/posts\/437246\/revisions"}],"wp:featuredmedia":[{"embeddable":true,"href":"http:\/\/desarrollo.grupomedios.com\/futbol\/wp-json\/wp\/v2\/media\/411120"}],"wp:attachment":[{"href":"http:\/\/desarrollo.grupomedios.com\/futbol\/wp-json\/wp\/v2\/media?parent=437246"}],"wp:term":[{"taxonomy":"category","embeddable":true,"href":"http:\/\/desarrollo.grupomedios.com\/futbol\/wp-json\/wp\/v2\/categories?post=437246"},{"taxonomy":"post_tag","embeddable":true,"href":"http:\/\/desarrollo.grupomedios.com\/futbol\/wp-json\/wp\/v2\/tags?post=437246"}],"curies":[{"name":"wp","href":"https:\/\/api.w.org\/{rel}","templated":true}]}}