{"id":437382,"date":"2016-10-20T22:55:06","date_gmt":"2016-10-21T03:55:06","guid":{"rendered":"https:\/\/www.futboltotal.com.mx\/?p=437382"},"modified":"2016-10-20T22:59:56","modified_gmt":"2016-10-21T03:59:56","slug":"listos-los-cuartos-final-la-concachampions","status":"publish","type":"post","link":"http:\/\/desarrollo.grupomedios.com\/futbol\/destacado-home\/listos-los-cuartos-final-la-concachampions\/2016\/10","title":{"rendered":"Pumas y Tigres se medir\u00e1n en Concachampions"},"content":{"rendered":"<p>El camino fue largo, pero la <a href=\"https:\/\/www.futboltotal.com.mx\/resultados\/resultados-concachampions\/\" target=\"_blank\"><strong>Concachampions<\/strong><\/a> entr\u00f3 en sus fases de eliminaci\u00f3n directa, la cual tendr\u00e1 un choque de equipos mexicanos, con el\u00a0<strong>Pumas<\/strong> contra <strong>Tigres<\/strong>.<\/p>\n<p>De los cuatro participantes mexicanos, s\u00f3lo Monterrey fracas\u00f3 al quedarse en la Fase de Grupos, mientras que Pachuca qued\u00f3 como el mejor representante nacional, pero en el tercer lugar de la clasificaci\u00f3n, por lo cual se medir\u00e1 con Saprissa.<\/p>\n<p>A falta de darse a conocer las fechas y horarios de los partidos, la <strong>Concachampions<\/strong> se reanudar\u00e1 hasta febrero de 2017.<\/p>\n<p>As\u00ed quedaron los Cuartos de Final:<\/p>\n<p>Vancouver Whitecaps (Canad\u00e1) \u2013 New York Red Bulls<\/p>\n<p>\u00c1rabe Unidos (Panam\u00e1) \u2013 FC Dallas<\/p>\n<p>Pachuca \u2013 Saprissa (Costa Rica)<\/p>\n<p><strong>Pumas<\/strong> &#8211; <strong>Tigres<\/strong><\/p>\n","protected":false},"excerpt":{"rendered":"<p>Quedaron listos los Cuartos de Final<\/p>\n","protected":false},"author":20,"featured_media":437401,"comment_status":"closed","ping_status":"closed","sticky":false,"template":"","format":"standard","meta":[],"categories":[5398,5,3839,2198],"tags":[3182,74,5973],"_links":{"self":[{"href":"http:\/\/desarrollo.grupomedios.com\/futbol\/wp-json\/wp\/v2\/posts\/437382"}],"collection":[{"href":"http:\/\/desarrollo.grupomedios.com\/futbol\/wp-json\/wp\/v2\/posts"}],"about":[{"href":"http:\/\/desarrollo.grupomedios.com\/futbol\/wp-json\/wp\/v2\/types\/post"}],"author":[{"embeddable":true,"href":"http:\/\/desarrollo.grupomedios.com\/futbol\/wp-json\/wp\/v2\/users\/20"}],"replies":[{"embeddable":true,"href":"http:\/\/desarrollo.grupomedios.com\/futbol\/wp-json\/wp\/v2\/comments?post=437382"}],"version-history":[{"count":0,"href":"http:\/\/desarrollo.grupomedios.com\/futbol\/wp-json\/wp\/v2\/posts\/437382\/revisions"}],"wp:featuredmedia":[{"embeddable":true,"href":"http:\/\/desarrollo.grupomedios.com\/futbol\/wp-json\/wp\/v2\/media\/437401"}],"wp:attachment":[{"href":"http:\/\/desarrollo.grupomedios.com\/futbol\/wp-json\/wp\/v2\/media?parent=437382"}],"wp:term":[{"taxonomy":"category","embeddable":true,"href":"http:\/\/desarrollo.grupomedios.com\/futbol\/wp-json\/wp\/v2\/categories?post=437382"},{"taxonomy":"post_tag","embeddable":true,"href":"http:\/\/desarrollo.grupomedios.com\/futbol\/wp-json\/wp\/v2\/tags?post=437382"}],"curies":[{"name":"wp","href":"https:\/\/api.w.org\/{rel}","templated":true}]}}