{"id":437482,"date":"2016-10-22T08:24:55","date_gmt":"2016-10-22T13:24:55","guid":{"rendered":"https:\/\/www.futboltotal.com.mx\/?p=437482"},"modified":"2016-10-22T10:27:56","modified_gmt":"2016-10-22T15:27:56","slug":"en-vivo-bayer-leverkuse-vs-hoffenheim-bundesliga","status":"publish","type":"post","link":"http:\/\/desarrollo.grupomedios.com\/futbol\/futbol-internacional\/en-vivo-bayer-leverkuse-vs-hoffenheim-bundesliga\/2016\/10","title":{"rendered":"As\u00ed se vivi\u00f3 | Bayer Leverkusen 0-3 Hoffenheim | Bundesliga"},"content":{"rendered":"<p><a class=\"twitter-timeline\" href=\"https:\/\/twitter.com\/bayer04_es\">Tweets by bayer04_es<\/a> <script async src=\"\/\/platform.twitter.com\/widgets.js\" charset=\"utf-8\"><\/script><\/p>\n<p style=\"text-align: center;\"><strong>PREVIO<\/strong><\/p>\n<p>Tras no poder sacar el triunfo en la UEFA <span style=\"color: #ff0000;\"><a style=\"color: #ff0000;\" href=\"https:\/\/www.futboltotal.com.mx\/2016\/10\/resultados-champions-league-bayer-leverkusen-0-0-tottenham\/\" target=\"_blank\">Champions League ante el Tottenham<\/a><\/span>, <strong>Bayer Leverkusen<\/strong> y <strong>Chicharito<\/strong> buscar\u00e1n seguir escalando posiciones cuando enfrenten al Hoffenheim en la Jornada 8 de la Bundesliga.<\/p>\n<p>Las\u00a0<em>aspirinas\u00a0<\/em>vienen de caer en la fecha anterior frente al Werder Bremen, que termin\u00f3 con una racha de cuatro juegos sin derrota, por lo que el partido que se disputar\u00e1 en el Bay Arena ser\u00e1 fundamental para los dirigidos por Niko Kovac.<\/p>\n<p style=\"text-align: center;\"><strong><span style=\"color: #3366ff;\">LEER M\u00c1S:\u00a0<a style=\"color: #3366ff;\" href=\"https:\/\/www.futboltotal.com.mx\/2016\/10\/resultados-bundesliga-hamburgo-0-3-eintracht-frankfurt-fabian\/\">Marco Fabi\u00e1n asiste en la goleada del Eintracht<\/a><\/span><\/strong><\/p>\n<p>Por su parte, el <strong>Hoffenheim<\/strong> buscar\u00e1 salir con un buen resultado y mantenerse dentro de los primeros seis de la tabla, pues con un triunfo y una combinaci\u00f3n de resultados los podr\u00eda meter en el tercer lugar, pero en caso de una derrota podr\u00edan ser igualados por el mismo <strong>Leverkusen<\/strong>.<\/p>\n<p>Tras siete partidos invicto, el <strong>Hoffenheim<\/strong> aterriza en <strong>Leverkusen<\/strong> con el objetivo de ganar a <em>las aspirinas<\/em>\u00a0y llegar a los 16 puntos. La \u00faltima vez que consigui\u00f3 esa puntuaci\u00f3n luego de ocho partidos fue en 2008. Los \u00faltimos 16 encuentros entre ambos equipos los ha ganado el <strong>Bayer<\/strong>, cuyo mejor registro esta temporada ha sido el 2-0 en casa contra el Dortmund.<\/p>\n<p><em>*Con informaci\u00f3n de la Bundesliga<\/em><\/p>\n","protected":false},"excerpt":{"rendered":"<p>Chicharito y Leverkusen buscar\u00e1n regresar al triunfo<\/p>\n","protected":false},"author":20,"featured_media":433905,"comment_status":"closed","ping_status":"closed","sticky":false,"template":"","format":"standard","meta":[],"categories":[3839],"tags":[4335,119,120],"_links":{"self":[{"href":"http:\/\/desarrollo.grupomedios.com\/futbol\/wp-json\/wp\/v2\/posts\/437482"}],"collection":[{"href":"http:\/\/desarrollo.grupomedios.com\/futbol\/wp-json\/wp\/v2\/posts"}],"about":[{"href":"http:\/\/desarrollo.grupomedios.com\/futbol\/wp-json\/wp\/v2\/types\/post"}],"author":[{"embeddable":true,"href":"http:\/\/desarrollo.grupomedios.com\/futbol\/wp-json\/wp\/v2\/users\/20"}],"replies":[{"embeddable":true,"href":"http:\/\/desarrollo.grupomedios.com\/futbol\/wp-json\/wp\/v2\/comments?post=437482"}],"version-history":[{"count":0,"href":"http:\/\/desarrollo.grupomedios.com\/futbol\/wp-json\/wp\/v2\/posts\/437482\/revisions"}],"wp:featuredmedia":[{"embeddable":true,"href":"http:\/\/desarrollo.grupomedios.com\/futbol\/wp-json\/wp\/v2\/media\/433905"}],"wp:attachment":[{"href":"http:\/\/desarrollo.grupomedios.com\/futbol\/wp-json\/wp\/v2\/media?parent=437482"}],"wp:term":[{"taxonomy":"category","embeddable":true,"href":"http:\/\/desarrollo.grupomedios.com\/futbol\/wp-json\/wp\/v2\/categories?post=437482"},{"taxonomy":"post_tag","embeddable":true,"href":"http:\/\/desarrollo.grupomedios.com\/futbol\/wp-json\/wp\/v2\/tags?post=437482"}],"curies":[{"name":"wp","href":"https:\/\/api.w.org\/{rel}","templated":true}]}}