{"id":437489,"date":"2016-10-21T17:19:17","date_gmt":"2016-10-21T22:19:17","guid":{"rendered":"https:\/\/www.futboltotal.com.mx\/?p=437489"},"modified":"2016-10-21T17:19:17","modified_gmt":"2016-10-21T22:19:17","slug":"falcao-regresa-anota-en-goleada-del-monaco","status":"publish","type":"post","link":"http:\/\/desarrollo.grupomedios.com\/futbol\/futbol-internacional\/falcao-regresa-anota-en-goleada-del-monaco\/2016\/10","title":{"rendered":"Falcao regresa y anota en goleada del M\u00f3naco"},"content":{"rendered":"<p>El brasile\u00f1o <strong>Jemerson<\/strong> y el colombiano\u00a0<strong>Radamel Falcao<\/strong> enderezaron el rumbo del M\u00f3naco, que remont\u00f3 y gole\u00f3 al Montpellier (6-2) para reencontrarse con la victoria en la Liga de Francia, que este fin de semana alcanza la d\u00e9cima jornada.<\/p>\n<blockquote class=\"twitter-tweet\" data-lang=\"es\">\n<p dir=\"ltr\" lang=\"es\">\u00a1Termina el partido! Enorme triunfo de los nuestros ante un Montpellier que hab\u00eda puesto mucha resistencia. (6-2) <a href=\"https:\/\/twitter.com\/hashtag\/ASMMHSC?src=hash\">#ASMMHSC<\/a> <a href=\"https:\/\/t.co\/ltplfqQ8G7\">pic.twitter.com\/ltplfqQ8G7<\/a><\/p>\n<p>\u2014 AS Monaco ES (@AS_Monaco_ES) <a href=\"https:\/\/twitter.com\/AS_Monaco_ES\/status\/789566590706716672\">21 de octubre de 2016<\/a><\/p><\/blockquote>\n<p><script async src=\"\/\/platform.twitter.com\/widgets.js\" charset=\"utf-8\"><\/script><\/p>\n<p>El cuadro monegasco, que en la pasada jornada perdi\u00f3 contra el <strong>Toulouse<\/strong>, obtuvo su s\u00e9ptimo triunfo del torneo para situarse a un punto del l\u00edder, el <strong>Niza<\/strong>.<\/p>\n<p style=\"text-align: center;\"><strong><span style=\"color: #3366ff;\">LEER M\u00c1S:\u00a0<a style=\"color: #3366ff;\" href=\"https:\/\/www.futboltotal.com.mx\/2016\/10\/resultados-bundesliga-hamburgo-0-3-eintracht-frankfurt-fabian\/\">Marco Fabi\u00e1n asiste en la goleada del Eintracht<\/a><\/span><\/strong><\/p>\n<p>El <strong>M\u00f3naco<\/strong> reaccion\u00f3 al gol encajado a los nueve minutos. El argelino Ryad Boudebouz puso por delante al Montpellier. Pasada la media hora, <strong>Falcao<\/strong>, de penalti, consigui\u00f3 el empate. Tras el descanso, Kylian Mbapp\u00e9 puso por delante al equipo local pero Boudebouz, desde los once metros, volvi\u00f3 a igualar cuatro despu\u00e9s.<\/p>\n<p>El Montpellier no tuvo tiempo para asimilar la igualada y manejar la situaci\u00f3n. Jemerson adelant\u00f3 otra vez a los visitantes, que cerraron el partido en el tramo final, con dos tantos en un minuto, marcados por Val\u00e8re Germain y Thomas Lemar y que redonde\u00f3 en el tiempo a\u00f1adido el maliense Adama Traore.<\/p>\n","protected":false},"excerpt":{"rendered":"<p>Falcao regreso tras una lesi\u00f3n en el craneo<\/p>\n","protected":false},"author":144,"featured_media":437490,"comment_status":"closed","ping_status":"closed","sticky":false,"template":"","format":"standard","meta":[],"categories":[3839,5951],"tags":[4902,6093],"_links":{"self":[{"href":"http:\/\/desarrollo.grupomedios.com\/futbol\/wp-json\/wp\/v2\/posts\/437489"}],"collection":[{"href":"http:\/\/desarrollo.grupomedios.com\/futbol\/wp-json\/wp\/v2\/posts"}],"about":[{"href":"http:\/\/desarrollo.grupomedios.com\/futbol\/wp-json\/wp\/v2\/types\/post"}],"author":[{"embeddable":true,"href":"http:\/\/desarrollo.grupomedios.com\/futbol\/wp-json\/wp\/v2\/users\/144"}],"replies":[{"embeddable":true,"href":"http:\/\/desarrollo.grupomedios.com\/futbol\/wp-json\/wp\/v2\/comments?post=437489"}],"version-history":[{"count":0,"href":"http:\/\/desarrollo.grupomedios.com\/futbol\/wp-json\/wp\/v2\/posts\/437489\/revisions"}],"wp:featuredmedia":[{"embeddable":true,"href":"http:\/\/desarrollo.grupomedios.com\/futbol\/wp-json\/wp\/v2\/media\/437490"}],"wp:attachment":[{"href":"http:\/\/desarrollo.grupomedios.com\/futbol\/wp-json\/wp\/v2\/media?parent=437489"}],"wp:term":[{"taxonomy":"category","embeddable":true,"href":"http:\/\/desarrollo.grupomedios.com\/futbol\/wp-json\/wp\/v2\/categories?post=437489"},{"taxonomy":"post_tag","embeddable":true,"href":"http:\/\/desarrollo.grupomedios.com\/futbol\/wp-json\/wp\/v2\/tags?post=437489"}],"curies":[{"name":"wp","href":"https:\/\/api.w.org\/{rel}","templated":true}]}}