{"id":437503,"date":"2016-10-21T18:15:00","date_gmt":"2016-10-21T23:15:00","guid":{"rendered":"https:\/\/www.futboltotal.com.mx\/?p=437503"},"modified":"2016-10-21T18:15:00","modified_gmt":"2016-10-21T23:15:00","slug":"marco-fabian-en-la-elite-la-bundesliga","status":"publish","type":"post","link":"http:\/\/desarrollo.grupomedios.com\/futbol\/futbol-internacional\/marco-fabian-en-la-elite-la-bundesliga\/2016\/10","title":{"rendered":"Marco Fabi\u00e1n, en la \u00e9lite de la Bundesliga"},"content":{"rendered":"<p>En lo que va de la temporada 2016-17, <strong>Marco Fabi\u00e1n<\/strong> no s\u00f3lo se gan\u00f3 la titularidad en el <strong>Eintracht Frankfurt<\/strong>, sino que adem\u00e1s se convirti\u00f3 en el pilar del equipo al grado que el mexicano aparece en la \u00e9lite de la <strong>Bundesliga<\/strong>.<\/p>\n<p>Despu\u00e9s de <span style=\"text-decoration: underline;\"><a href=\"https:\/\/www.futboltotal.com.mx\/2016\/10\/resultados-bundesliga-hamburgo-0-3-eintracht-frankfurt-fabian\/\" target=\"_blank\">dar dos pases para anotaci\u00f3n en la goleada 0-3 al Hamburgo<\/a><\/span>, el ex atacante de Chivas sum\u00f3 cuatro asistencias que lo ubican como el segundo mejor del rubro, \u00fanicamente abajo del franc\u00e9s Franck Rib\u00e9ry del Bayern Munich que lleva cinco.<\/p>\n<blockquote class=\"twitter-tweet\" data-lang=\"es\">\n<p dir=\"ltr\" lang=\"es\">Estos son de momento los jugadores con m\u00e1s asistencias en la <a href=\"https:\/\/twitter.com\/hashtag\/Bundesliga?src=hash\">#Bundesliga<\/a> Temporada 16\/17:<\/p>\n<p>1. <a href=\"https:\/\/twitter.com\/hashtag\/Rib%C3%A9ry?src=hash\">#Rib\u00e9ry<\/a> 5<br \/>\n2. <a href=\"https:\/\/twitter.com\/MarcoFabian_10\">@MarcoFabian_10<\/a> 4 <a href=\"https:\/\/t.co\/LdeIUsCLjB\">pic.twitter.com\/LdeIUsCLjB<\/a><\/p>\n<p>\u2014 Bundesliga Espa\u00f1ol (@Bundesliga_ES) <a href=\"https:\/\/twitter.com\/Bundesliga_ES\/status\/789572073987379201\">21 de octubre de 2016<\/a><\/p><\/blockquote>\n<p><script async src=\"\/\/platform.twitter.com\/widgets.js\" charset=\"utf-8\"><\/script><\/p>\n<p>Gracias a las actuaciones de <strong>Marco Fabi\u00e1n<\/strong>, las <em>\u00c1guilas <\/em>marchan en el cuarto puesto con 14 unidades de las 24 posibles, arriba aparecen los pupilos de Carlo Ancelotti con 17, Colonia (15 puntos) y Leipzig (15).<\/p>\n<p>La pr\u00f3xima semana, <strong>Eintracht Frankfurt<\/strong> tendr\u00e1 un complicado encuentro ya que visitar\u00e1 al Borussia M\u00f6nchengladbach.<\/p>\n","protected":false},"excerpt":{"rendered":"<p>El mexicano est\u00e1 entre los mejores asistentes <\/p>\n","protected":false},"author":20,"featured_media":437504,"comment_status":"closed","ping_status":"closed","sticky":false,"template":"","format":"standard","meta":[],"categories":[3839,6822,6718,5951],"tags":[3588,131],"_links":{"self":[{"href":"http:\/\/desarrollo.grupomedios.com\/futbol\/wp-json\/wp\/v2\/posts\/437503"}],"collection":[{"href":"http:\/\/desarrollo.grupomedios.com\/futbol\/wp-json\/wp\/v2\/posts"}],"about":[{"href":"http:\/\/desarrollo.grupomedios.com\/futbol\/wp-json\/wp\/v2\/types\/post"}],"author":[{"embeddable":true,"href":"http:\/\/desarrollo.grupomedios.com\/futbol\/wp-json\/wp\/v2\/users\/20"}],"replies":[{"embeddable":true,"href":"http:\/\/desarrollo.grupomedios.com\/futbol\/wp-json\/wp\/v2\/comments?post=437503"}],"version-history":[{"count":0,"href":"http:\/\/desarrollo.grupomedios.com\/futbol\/wp-json\/wp\/v2\/posts\/437503\/revisions"}],"wp:featuredmedia":[{"embeddable":true,"href":"http:\/\/desarrollo.grupomedios.com\/futbol\/wp-json\/wp\/v2\/media\/437504"}],"wp:attachment":[{"href":"http:\/\/desarrollo.grupomedios.com\/futbol\/wp-json\/wp\/v2\/media?parent=437503"}],"wp:term":[{"taxonomy":"category","embeddable":true,"href":"http:\/\/desarrollo.grupomedios.com\/futbol\/wp-json\/wp\/v2\/categories?post=437503"},{"taxonomy":"post_tag","embeddable":true,"href":"http:\/\/desarrollo.grupomedios.com\/futbol\/wp-json\/wp\/v2\/tags?post=437503"}],"curies":[{"name":"wp","href":"https:\/\/api.w.org\/{rel}","templated":true}]}}