{"id":437507,"date":"2016-10-21T18:58:20","date_gmt":"2016-10-21T23:58:20","guid":{"rendered":"https:\/\/www.futboltotal.com.mx\/?p=437507"},"modified":"2016-10-22T15:58:35","modified_gmt":"2016-10-22T20:58:35","slug":"ignacio-ambriz-nominado-a-mejor-dt-del-mundo","status":"publish","type":"post","link":"http:\/\/desarrollo.grupomedios.com\/futbol\/futbol-mexicano\/ignacio-ambriz-nominado-a-mejor-dt-del-mundo\/2016\/10","title":{"rendered":"Ignacio Ambr\u00edz, \u00bfnominado a mejor DT del mundo?"},"content":{"rendered":"<p>\u201c\u00a1Que ya corran a <strong>Ignacio Ambr\u00edz<\/strong>!\u201d Durante semanas, \u00e9sa fue la s\u00faplica de la afici\u00f3n del <a href=\"http:\/\/futboltotal.com.mx\/equipos\/america\/\" target=\"_blank\"><strong>Am\u00e9rica<\/strong><\/a>, la cual se opuso desde un inicio a la contrataci\u00f3n del t\u00e9cnico. Cuando la directiva anunci\u00f3 el cambio en el banquillo, la felicidad se postr\u00f3 en el <em>Nido<\/em>, sin embargo, esto podr\u00eda ser un error ya que las \u00c1guilas dejaron ir a uno de los mejores entrenadores\u2026 \u00bfdel mundo?<\/p>\n<p>El diario italiano <em>La Repubblica<\/em>, filtr\u00f3 la lista de candidatos al estratega m\u00e1s destacado del a\u00f1o, en la que sobresale el timonel mexicano.<\/p>\n<p><a href=\"https:\/\/www.futboltotal.com.mx\/wp-content\/uploads\/2016\/10\/ignacio-ambriz-balon-de-oro-mejor-entrenador-mundo.jpg\"><img decoding=\"async\" loading=\"lazy\" class=\"alignnone size-full wp-image-437508\" src=\"https:\/\/www.futboltotal.com.mx\/wp-content\/uploads\/2016\/10\/ignacio-ambriz-balon-de-oro-mejor-entrenador-mundo.jpg\" alt=\"Ignacio Ambriz\" srcset=\"http:\/\/desarrollo.grupomedios.com\/futbol\/wp-content\/uploads\/2016\/10\/ignacio-ambriz-balon-de-oro-mejor-entrenador-mundo.jpg 494w, http:\/\/desarrollo.grupomedios.com\/futbol\/wp-content\/uploads\/2016\/10\/ignacio-ambriz-balon-de-oro-mejor-entrenador-mundo-300x134.jpg 300w\" sizes=\"(max-width: 494px) 100vw, 494px\" \/><\/a><\/p>\n<p>La nominaci\u00f3n de <strong>Ignacio Ambr\u00edz<\/strong> se debe a que consigui\u00f3 darle la Concachampions al <strong>Am\u00e9rica<\/strong>, logro que \u00e9l mismo record\u00f3 a su salida de la instituci\u00f3n. <strong>\u00a0<\/strong><\/p>\n<p>Lista de mejores t\u00e9cnicos del mundo:<\/p>\n<p>Massimo Allegri (Juventus), Claudio Ranieri (Leicester), Maurizio Sarri (N\u00e1poles), Didier Deschamps (Francia), Joachim L\u00f6w (Alemania), Chris Coleman (Gales), Lars Lagerback (Islandia), Michael O&#8217;Neill (Irlanda del Norte), Zinedine Zidane (Real Madrid), Unai Emery Echegoyen (PSG), Laurent Blanc (Ex-PSG), Pep Guardiola (Manchester City), J\u00fcrgen Klopp (Liverpool), Luis Enrique (Barcelona), Gerardo Martino (Argentina), Mauricio Pochettino (Tottenham), Diego Simeone (Atl\u00e9tico Madrid), Ignacio Ambriz (Am\u00e9rica), Juan Antonio Pizzi (Chile) y Reinaldo Rueda (Nacional).<\/p>\n<p><span style=\"color: #ff0000;\"><strong>VIDEO<\/strong>: Agenda de TV de la jornada 14<\/span><br \/>\n[video_player]https:\/\/player.vimeo.com\/external\/188003643.sd.mp4?s=b34361a135a7b6f7b70d723d2f178646df79c670&amp;profile_id=165[\/video_player]<\/p>\n","protected":false},"excerpt":{"rendered":"<p>Nacho aparecer\u00eda en la lista de nombres al premio<\/p>\n","protected":false},"author":20,"featured_media":437509,"comment_status":"closed","ping_status":"closed","sticky":false,"template":"","format":"standard","meta":[],"categories":[2198,3845,5950],"tags":[5959,511],"_links":{"self":[{"href":"http:\/\/desarrollo.grupomedios.com\/futbol\/wp-json\/wp\/v2\/posts\/437507"}],"collection":[{"href":"http:\/\/desarrollo.grupomedios.com\/futbol\/wp-json\/wp\/v2\/posts"}],"about":[{"href":"http:\/\/desarrollo.grupomedios.com\/futbol\/wp-json\/wp\/v2\/types\/post"}],"author":[{"embeddable":true,"href":"http:\/\/desarrollo.grupomedios.com\/futbol\/wp-json\/wp\/v2\/users\/20"}],"replies":[{"embeddable":true,"href":"http:\/\/desarrollo.grupomedios.com\/futbol\/wp-json\/wp\/v2\/comments?post=437507"}],"version-history":[{"count":0,"href":"http:\/\/desarrollo.grupomedios.com\/futbol\/wp-json\/wp\/v2\/posts\/437507\/revisions"}],"wp:featuredmedia":[{"embeddable":true,"href":"http:\/\/desarrollo.grupomedios.com\/futbol\/wp-json\/wp\/v2\/media\/437509"}],"wp:attachment":[{"href":"http:\/\/desarrollo.grupomedios.com\/futbol\/wp-json\/wp\/v2\/media?parent=437507"}],"wp:term":[{"taxonomy":"category","embeddable":true,"href":"http:\/\/desarrollo.grupomedios.com\/futbol\/wp-json\/wp\/v2\/categories?post=437507"},{"taxonomy":"post_tag","embeddable":true,"href":"http:\/\/desarrollo.grupomedios.com\/futbol\/wp-json\/wp\/v2\/tags?post=437507"}],"curies":[{"name":"wp","href":"https:\/\/api.w.org\/{rel}","templated":true}]}}