{"id":437580,"date":"2016-10-22T10:15:52","date_gmt":"2016-10-22T15:15:52","guid":{"rendered":"https:\/\/www.futboltotal.com.mx\/?p=437580"},"modified":"2016-10-23T11:52:32","modified_gmt":"2016-10-23T16:52:32","slug":"andres-iniesta-sufre-terrible-lesion-barcelona","status":"publish","type":"post","link":"http:\/\/desarrollo.grupomedios.com\/futbol\/futbol-internacional\/andres-iniesta-sufre-terrible-lesion-barcelona\/2016\/10","title":{"rendered":"Andr\u00e9s Iniesta sufre terrible lesi\u00f3n con el Barcelona"},"content":{"rendered":"<p>En el duelo donde el <strong>Barcelona<\/strong> visit\u00f3 al Valencia, el mediocampista de los\u00a0<em>Blaugranas,\u00a0<\/em><strong>Andr\u00e9s Iniesta<\/strong>, sufri\u00f3 una terrible lesi\u00f3n en la rodilla luego de una entrada producida por el argentino Enzo P\u00e9rez.<\/p>\n<p>Como suele ser en cada partido, <strong>Iniesta<\/strong> conduc\u00eda el bal\u00f3 en la mitad de la cancha hasta que el argentino entr\u00f3 en la b\u00fasqueda de robarle el bal\u00f3n y la pierna del mediocampista espa\u00f1ol qued\u00f3 atorada en el campo y se doblo hacia atr\u00e1s, dejando al\u00a0<em>manchego\u00a0<\/em>fuera del campo.<\/p>\n<p><strong>Iniesta<\/strong> tuvo que salir por medio del carro de asistencias y se le vieron l\u00e1grimas en los ojos, por lo que la lesi\u00f3n podr\u00eda considerarse grave y el\u00a0<em>fantasmita\u00a0<\/em>podr\u00eda quedar fuera un largo tiempo de las canchas.<\/p>\n<p style=\"text-align: center;\"><strong><span style=\"color: #3366ff;\">LEER M\u00c1S:\u00a0<a style=\"color: #3366ff;\" href=\"https:\/\/www.futboltotal.com.mx\/2016\/10\/tv-azteca-transmitira-clasico-nacional\/\">TV Azteca transmitir\u00e1 el Cl\u00e1sico Nacional<\/a><\/span><\/strong><\/p>\n<p><iframe loading=\"lazy\" src=\"https:\/\/www.youtube.com\/embed\/bwtSSgzPwpc?feature=oembed\" frameborder=\"0\" allowfullscreen><\/iframe><\/p>\n<p>Debido a la lesi\u00f3n, <strong>Andr\u00e9s Iniesta<\/strong> tuvo que salir atendido pro los m\u00e9dicos del Barcelona y a trav\u00e9s de un comunicado se ha conocido que &#8221;\u00a0tiene una lesi\u00f3n parcial del ligamento lateral externo y de la c\u00e1psula posterior de la rodilla derecha. Al llegar a <strong>Barcelona<\/strong> el jugador ser\u00e1 sometido a m\u00e1s pruebas para saber el alcance exacto de la lesi\u00f3n&#8221;.<\/p>\n<p><a href=\"https:\/\/www.futboltotal.com.mx\/wp-content\/uploads\/2016\/10\/lesion-iniesta.jpg\"><img decoding=\"async\" loading=\"lazy\" class=\"alignnone size-full wp-image-437583\" src=\"https:\/\/www.futboltotal.com.mx\/wp-content\/uploads\/2016\/10\/lesion-iniesta.jpg\" alt=\"lesion-iniesta\" srcset=\"http:\/\/desarrollo.grupomedios.com\/futbol\/wp-content\/uploads\/2016\/10\/lesion-iniesta.jpg 858w, http:\/\/desarrollo.grupomedios.com\/futbol\/wp-content\/uploads\/2016\/10\/lesion-iniesta-300x151.jpg 300w, http:\/\/desarrollo.grupomedios.com\/futbol\/wp-content\/uploads\/2016\/10\/lesion-iniesta-768x386.jpg 768w, http:\/\/desarrollo.grupomedios.com\/futbol\/wp-content\/uploads\/2016\/10\/lesion-iniesta-340x171.jpg 340w\" sizes=\"(max-width: 858px) 100vw, 858px\" \/><\/a><\/p>\n","protected":false},"excerpt":{"rendered":"<p>Iniesta sali\u00f3 llorando del campo<\/p>\n","protected":false},"author":129,"featured_media":437581,"comment_status":"closed","ping_status":"closed","sticky":false,"template":"","format":"standard","meta":[],"categories":[3839,3844],"tags":[5984,1293],"_links":{"self":[{"href":"http:\/\/desarrollo.grupomedios.com\/futbol\/wp-json\/wp\/v2\/posts\/437580"}],"collection":[{"href":"http:\/\/desarrollo.grupomedios.com\/futbol\/wp-json\/wp\/v2\/posts"}],"about":[{"href":"http:\/\/desarrollo.grupomedios.com\/futbol\/wp-json\/wp\/v2\/types\/post"}],"author":[{"embeddable":true,"href":"http:\/\/desarrollo.grupomedios.com\/futbol\/wp-json\/wp\/v2\/users\/129"}],"replies":[{"embeddable":true,"href":"http:\/\/desarrollo.grupomedios.com\/futbol\/wp-json\/wp\/v2\/comments?post=437580"}],"version-history":[{"count":0,"href":"http:\/\/desarrollo.grupomedios.com\/futbol\/wp-json\/wp\/v2\/posts\/437580\/revisions"}],"wp:featuredmedia":[{"embeddable":true,"href":"http:\/\/desarrollo.grupomedios.com\/futbol\/wp-json\/wp\/v2\/media\/437581"}],"wp:attachment":[{"href":"http:\/\/desarrollo.grupomedios.com\/futbol\/wp-json\/wp\/v2\/media?parent=437580"}],"wp:term":[{"taxonomy":"category","embeddable":true,"href":"http:\/\/desarrollo.grupomedios.com\/futbol\/wp-json\/wp\/v2\/categories?post=437580"},{"taxonomy":"post_tag","embeddable":true,"href":"http:\/\/desarrollo.grupomedios.com\/futbol\/wp-json\/wp\/v2\/tags?post=437580"}],"curies":[{"name":"wp","href":"https:\/\/api.w.org\/{rel}","templated":true}]}}