{"id":437836,"date":"2016-10-23T11:53:36","date_gmt":"2016-10-23T16:53:36","guid":{"rendered":"https:\/\/www.futboltotal.com.mx\/?p=437836"},"modified":"2016-10-23T11:53:36","modified_gmt":"2016-10-23T16:53:36","slug":"iniesta-se-perderia-el-clasico-ante-real-madrid","status":"publish","type":"post","link":"http:\/\/desarrollo.grupomedios.com\/futbol\/futbol-internacional\/iniesta-se-perderia-el-clasico-ante-real-madrid\/2016\/10","title":{"rendered":"Peligra el Cl\u00e1sico para Iniesta"},"content":{"rendered":"<p>El centrocampista del Barcelona, <strong>Andr\u00e9s Iniesta<\/strong>, quien\u00a0se lesion\u00f3 en el partido contra el Valencia en Mestalla, &#8220;estar\u00e1 entre seis y ocho semanas de baja&#8221;, seg\u00fan inform\u00f3 el club <em>azulgrana<\/em> en un comunicado.<\/p>\n<p>En el mismo se indica que &#8220;las pruebas realizadas en Barcelona han demostrado que el capit\u00e1n azulgrana tiene una lesi\u00f3n parcial del ligamento lateral externo&#8221; en su rodilla derecha.<\/p>\n<p style=\"text-align: center;\"><a href=\"https:\/\/www.futboltotal.com.mx\/futbol-internacional\/\"><strong><span style=\"color: #3366ff;\">LEER M\u00c1S: Todas las noticia de futbol internacional<\/span><\/strong><\/a><\/p>\n<blockquote class=\"twitter-tweet\" data-lang=\"es\">\n<p dir=\"ltr\" lang=\"es\">[\u00daLTIMA HORA] Andr\u00e9s Iniesta estar\u00e1 entre seis y ocho semanas de baja. M\u00e1s informaci\u00f3n: <a href=\"https:\/\/t.co\/64jSz9DzDw\">https:\/\/t.co\/64jSz9DzDw<\/a> <a href=\"https:\/\/twitter.com\/hashtag\/FCBLive?src=hash\">#FCBLive<\/a> <a href=\"https:\/\/t.co\/OyK0YQ5NqL\">pic.twitter.com\/OyK0YQ5NqL<\/a><\/p>\n<p>\u2014 FC Barcelona (@FCBarcelona_es) <a href=\"https:\/\/twitter.com\/FCBarcelona_es\/status\/789931474963292160\">22 de octubre de 2016<\/a><\/p><\/blockquote>\n<p><script async src=\"\/\/platform.twitter.com\/widgets.js\" charset=\"utf-8\"><\/script>Por ahora la participaci\u00f3n de Iniesta para disputar el Cl\u00e1sico ante el Real Madrid, del pr\u00f3ximo 3 de diciembre, est\u00e1 en riesgo. Para entonces habr\u00e1 cumplido seis semanas en recuperaci\u00f3n y necesitar\u00eda mejorar en tiempo r\u00e9cord para estar a punto. De hecho tambi\u00e9n es un inc\u00f3gnita si podr\u00e1 disputar el derbi ante Espanyol, que se disputara el 18 de diciembre.<\/p>\n<p style=\"text-align: left;\">El cuerpo t\u00e9cnico del club tiene claro no forzar los tiempos de recuperaci\u00f3n y si es necesario no dudar\u00e1 en darle rodaje hasta la reanudaci\u00f3n de la liga, el pr\u00f3ximo a\u00f1o, cuando Barcelona viste al Villarreal el 8 de enero.<\/p>\n<p>El capit\u00e1n barcelonista a el jugador manchego cay\u00f3 al suelo tras una entrada del argentino Enzo P\u00e9rez, que tras tocar el bal\u00f3n impact\u00f3 por detr\u00e1s en el jugador del equipo catal\u00e1n quien, tras caer, pidi\u00f3 inmediatamente que acudieran los m\u00e9dicos.<\/p>\n<p>El manchego fue retirado en camilla con gestos de dolor y lo hizo ovacionado por Mestalla y con gritos de &#8216;Iniesta, Iniesta&#8217; por parte de buena parte del p\u00fablico asistente y fue reemplazado por el croata Ivan Rakitic.<\/p>\n","protected":false},"excerpt":{"rendered":"<p>El Fantasmita estar\u00e1 fuera de actividad al menos seis semanas<\/p>\n","protected":false},"author":20,"featured_media":437837,"comment_status":"closed","ping_status":"closed","sticky":false,"template":"","format":"standard","meta":[],"categories":[3839,3844,5951],"tags":[5984,1293],"_links":{"self":[{"href":"http:\/\/desarrollo.grupomedios.com\/futbol\/wp-json\/wp\/v2\/posts\/437836"}],"collection":[{"href":"http:\/\/desarrollo.grupomedios.com\/futbol\/wp-json\/wp\/v2\/posts"}],"about":[{"href":"http:\/\/desarrollo.grupomedios.com\/futbol\/wp-json\/wp\/v2\/types\/post"}],"author":[{"embeddable":true,"href":"http:\/\/desarrollo.grupomedios.com\/futbol\/wp-json\/wp\/v2\/users\/20"}],"replies":[{"embeddable":true,"href":"http:\/\/desarrollo.grupomedios.com\/futbol\/wp-json\/wp\/v2\/comments?post=437836"}],"version-history":[{"count":0,"href":"http:\/\/desarrollo.grupomedios.com\/futbol\/wp-json\/wp\/v2\/posts\/437836\/revisions"}],"wp:featuredmedia":[{"embeddable":true,"href":"http:\/\/desarrollo.grupomedios.com\/futbol\/wp-json\/wp\/v2\/media\/437837"}],"wp:attachment":[{"href":"http:\/\/desarrollo.grupomedios.com\/futbol\/wp-json\/wp\/v2\/media?parent=437836"}],"wp:term":[{"taxonomy":"category","embeddable":true,"href":"http:\/\/desarrollo.grupomedios.com\/futbol\/wp-json\/wp\/v2\/categories?post=437836"},{"taxonomy":"post_tag","embeddable":true,"href":"http:\/\/desarrollo.grupomedios.com\/futbol\/wp-json\/wp\/v2\/tags?post=437836"}],"curies":[{"name":"wp","href":"https:\/\/api.w.org\/{rel}","templated":true}]}}