{"id":437884,"date":"2016-10-23T15:37:41","date_gmt":"2016-10-23T20:37:41","guid":{"rendered":"https:\/\/www.futboltotal.com.mx\/?p=437884"},"modified":"2016-10-23T16:05:16","modified_gmt":"2016-10-23T21:05:16","slug":"mal-perdedor-mourinho-se-enfada-reclama-a-conte","status":"publish","type":"post","link":"http:\/\/desarrollo.grupomedios.com\/futbol\/futbol-internacional\/mal-perdedor-mourinho-se-enfada-reclama-a-conte\/2016\/10","title":{"rendered":"\u00bfMal perdedor? Mourinho le reclama a Conte"},"content":{"rendered":"<p>El regreso de <strong>Jos\u00e9 Mourinho<\/strong> a Stamford Bridge como nuevo entrenador del Manchester United <a href=\"https:\/\/www.futboltotal.com.mx\/futbol-internacional\/\">acab\u00f3 en un dolorosa derrota 4-0 a manos del Chelsea <\/a>y con un enojo del t\u00e9cnico portugu\u00e9s con su hom\u00f3logo Antonio Conte.<\/p>\n<p>Y es que despu\u00e9s de que cay\u00f3 el cuarto gol, el DT de los <em>Blues\u00a0<\/em>no dud\u00f3 en pedir el apoyo de la afici\u00f3n para que sus pupilos consiguieran el quinto tanto. La actitud del italiano molest\u00f3 en demas\u00eda a Mourinho, quien al termino del partido, m\u00e1s que felicitar a su rival, le recrimin\u00f3 la actitud.<\/p>\n<p style=\"text-align: center;\"><a href=\"https:\/\/www.futboltotal.com.mx\/futbol-internacional\/\"><span style=\"color: #3366ff;\"><strong>LEER M\u00c1S: Todas las noticias de futbol internacional<\/strong><\/span><\/a><\/p>\n<blockquote class=\"twitter-tweet\" data-lang=\"es\">\n<p dir=\"ltr\" lang=\"en\">WATCH: Conte geeing up the crowd.<br \/>\nSS1 for reaction now.<br \/>\nBLOG: <a href=\"https:\/\/t.co\/JpF85182hP\">https:\/\/t.co\/JpF85182hP<\/a> <a href=\"https:\/\/t.co\/qoaAg5IXDF\">https:\/\/t.co\/qoaAg5IXDF<\/a><\/p>\n<p>\u2014 Sky Sports (@SkySports) <a href=\"https:\/\/twitter.com\/SkySports\/status\/790239236460904448\">23 de octubre de 2016<\/a><\/p><\/blockquote>\n<p><script async src=\"\/\/platform.twitter.com\/widgets.js\" charset=\"utf-8\"><\/script><\/p>\n<p>&#8220;No pides m\u00e1s aliento o animas a la afici\u00f3n con un 4-0. Lo haces con un 1-0. Es humillante&#8221;. Son las palabras que Mourinho dijo a Conte, seg\u00fan destaca la prensa internacional. Como se aprecia en el video, el italiano qued\u00f3 desconcertado y, lejos de recriminar o encarar e Mourinho, mostr\u00f3 respeto y se fue sin decir nada al vestidor.<\/p>\n<blockquote class=\"twitter-tweet\" data-lang=\"es\">\n<p dir=\"ltr\" lang=\"en\">WHAT WAS THAT ALL ABOUT?<br \/>\nJose Mourinho wanted to put his point across to Antonio Conte.<br \/>\nSS1 <a href=\"https:\/\/t.co\/2FUwOJ63lc\">https:\/\/t.co\/2FUwOJ63lc<\/a> <a href=\"https:\/\/t.co\/nWsmc7QcDb\">https:\/\/t.co\/nWsmc7QcDb<\/a><\/p>\n<p>\u2014 Sky Football \u26bd\ufe0f (@SkyFootball) <a href=\"https:\/\/twitter.com\/SkyFootball\/status\/790236341661335552\">23 de octubre de 2016<\/a><\/p><\/blockquote>\n<p><script async src=\"\/\/platform.twitter.com\/widgets.js\" charset=\"utf-8\"><\/script><\/p>\n","protected":false},"excerpt":{"rendered":"<p>El DT del United protagoniza pol\u00e9mico incidente en Stamford Bridge<\/p>\n","protected":false},"author":20,"featured_media":437885,"comment_status":"closed","ping_status":"closed","sticky":false,"template":"","format":"standard","meta":[],"categories":[3839,3846,5951],"tags":[2354,5981,288],"_links":{"self":[{"href":"http:\/\/desarrollo.grupomedios.com\/futbol\/wp-json\/wp\/v2\/posts\/437884"}],"collection":[{"href":"http:\/\/desarrollo.grupomedios.com\/futbol\/wp-json\/wp\/v2\/posts"}],"about":[{"href":"http:\/\/desarrollo.grupomedios.com\/futbol\/wp-json\/wp\/v2\/types\/post"}],"author":[{"embeddable":true,"href":"http:\/\/desarrollo.grupomedios.com\/futbol\/wp-json\/wp\/v2\/users\/20"}],"replies":[{"embeddable":true,"href":"http:\/\/desarrollo.grupomedios.com\/futbol\/wp-json\/wp\/v2\/comments?post=437884"}],"version-history":[{"count":0,"href":"http:\/\/desarrollo.grupomedios.com\/futbol\/wp-json\/wp\/v2\/posts\/437884\/revisions"}],"wp:featuredmedia":[{"embeddable":true,"href":"http:\/\/desarrollo.grupomedios.com\/futbol\/wp-json\/wp\/v2\/media\/437885"}],"wp:attachment":[{"href":"http:\/\/desarrollo.grupomedios.com\/futbol\/wp-json\/wp\/v2\/media?parent=437884"}],"wp:term":[{"taxonomy":"category","embeddable":true,"href":"http:\/\/desarrollo.grupomedios.com\/futbol\/wp-json\/wp\/v2\/categories?post=437884"},{"taxonomy":"post_tag","embeddable":true,"href":"http:\/\/desarrollo.grupomedios.com\/futbol\/wp-json\/wp\/v2\/tags?post=437884"}],"curies":[{"name":"wp","href":"https:\/\/api.w.org\/{rel}","templated":true}]}}