{"id":437901,"date":"2016-10-23T16:31:14","date_gmt":"2016-10-23T21:31:14","guid":{"rendered":"https:\/\/www.futboltotal.com.mx\/?p=437901"},"modified":"2016-10-23T16:31:14","modified_gmt":"2016-10-23T21:31:14","slug":"alemao-aun-siente-la-camiseta-cruz-azul","status":"publish","type":"post","link":"http:\/\/desarrollo.grupomedios.com\/futbol\/futbol-mexicano\/alemao-aun-siente-la-camiseta-cruz-azul\/2016\/10","title":{"rendered":"Alemao aun siente la camiseta de Cruz Azul"},"content":{"rendered":"<p>En Julio de 2015, <strong>Alemao<\/strong> dej\u00f3 <strong>Cruz Azul<\/strong> despu\u00e9s de un paso ef\u00edmero y de no entrar en los planeas del entrenador Sergio Bueno. Sin embargo a poco m\u00e1s de un a\u00f1o de haber dejado a <em>La M\u00e1quina,<\/em> el brasile\u00f1o aun recuerda con cari\u00f1o al equipo que le abri\u00f3 las puertas en el futbol mexicano y al que no pudo ayudar a romper la sequ\u00eda de t\u00edtulos ligueros, que por aquel entonces era de 18 a\u00f1os.<\/p>\n<p>Cuando <strong>Cruz Azul<\/strong> vive un torneo de pesadilla en el que se ha quedado sin entrenador tras la renuncia de Tom\u00e1s Boy y adem\u00e1s necesita de un milagro para clasificar a la Liguilla, el brasile\u00f1o ha publicado este domingo una fotograf\u00eda en su cuenta de <em>Instagram<\/em>\u00a0en la que \u00a0aparece celebrando uno de los contados goles que marc\u00f3 con la camiseta de Cruz Azul y con un emotivo mensaje:\u00a0&#8220;Uno nunca se averg\u00fcenza de sus colores&#8221;.<\/p>\n<p style=\"text-align: center;\"><a href=\"https:\/\/www.futboltotal.com.mx\/2016\/10\/boy-revela-porque-renuncio-a-cruz-azul\/\"><span style=\"color: #3366ff;\"><strong>LEER M\u00c1S: Todas las noticias de futbol mexicano<\/strong><\/span><\/a><\/p>\n<p style=\"text-align: center;\"><a href=\"https:\/\/www.futboltotal.com.mx\/wp-content\/uploads\/2016\/10\/Captura-de-pantalla-2016-10-23-a-las-4.15.43-p.m..png\"><img decoding=\"async\" loading=\"lazy\" class=\"alignnone size-full wp-image-437902\" src=\"https:\/\/www.futboltotal.com.mx\/wp-content\/uploads\/2016\/10\/Captura-de-pantalla-2016-10-23-a-las-4.15.43-p.m..png\" alt=\"captura-de-pantalla-2016-10-23-a-las-4-15-43-p-m\" srcset=\"http:\/\/desarrollo.grupomedios.com\/futbol\/wp-content\/uploads\/2016\/10\/Captura-de-pantalla-2016-10-23-a-las-4.15.43-p.m..png 340w, http:\/\/desarrollo.grupomedios.com\/futbol\/wp-content\/uploads\/2016\/10\/Captura-de-pantalla-2016-10-23-a-las-4.15.43-p.m.-181x300.png 181w\" sizes=\"(max-width: 340px) 100vw, 340px\" \/><\/a><\/p>\n","protected":false},"excerpt":{"rendered":"<p>El brasile\u00f1o public\u00f3 un mensaje tras el mal paso que vive su exequipo<\/p>\n","protected":false},"author":20,"featured_media":437903,"comment_status":"closed","ping_status":"closed","sticky":false,"template":"","format":"standard","meta":[],"categories":[2198,3845],"tags":[5433,5962],"_links":{"self":[{"href":"http:\/\/desarrollo.grupomedios.com\/futbol\/wp-json\/wp\/v2\/posts\/437901"}],"collection":[{"href":"http:\/\/desarrollo.grupomedios.com\/futbol\/wp-json\/wp\/v2\/posts"}],"about":[{"href":"http:\/\/desarrollo.grupomedios.com\/futbol\/wp-json\/wp\/v2\/types\/post"}],"author":[{"embeddable":true,"href":"http:\/\/desarrollo.grupomedios.com\/futbol\/wp-json\/wp\/v2\/users\/20"}],"replies":[{"embeddable":true,"href":"http:\/\/desarrollo.grupomedios.com\/futbol\/wp-json\/wp\/v2\/comments?post=437901"}],"version-history":[{"count":0,"href":"http:\/\/desarrollo.grupomedios.com\/futbol\/wp-json\/wp\/v2\/posts\/437901\/revisions"}],"wp:featuredmedia":[{"embeddable":true,"href":"http:\/\/desarrollo.grupomedios.com\/futbol\/wp-json\/wp\/v2\/media\/437903"}],"wp:attachment":[{"href":"http:\/\/desarrollo.grupomedios.com\/futbol\/wp-json\/wp\/v2\/media?parent=437901"}],"wp:term":[{"taxonomy":"category","embeddable":true,"href":"http:\/\/desarrollo.grupomedios.com\/futbol\/wp-json\/wp\/v2\/categories?post=437901"},{"taxonomy":"post_tag","embeddable":true,"href":"http:\/\/desarrollo.grupomedios.com\/futbol\/wp-json\/wp\/v2\/tags?post=437901"}],"curies":[{"name":"wp","href":"https:\/\/api.w.org\/{rel}","templated":true}]}}