{"id":437905,"date":"2016-10-23T16:46:35","date_gmt":"2016-10-23T21:46:35","guid":{"rendered":"https:\/\/www.futboltotal.com.mx\/?p=437905"},"modified":"2016-10-23T16:46:35","modified_gmt":"2016-10-23T21:46:35","slug":"mario-balotelli-sorprende-gusto-presidencial","status":"publish","type":"post","link":"http:\/\/desarrollo.grupomedios.com\/futbol\/cambio-de-juego\/mario-balotelli-sorprende-gusto-presidencial\/2016\/10","title":{"rendered":"\u00a1Mario Balotelli sorprende con gusto presidencial!"},"content":{"rendered":"<p>El delantero italiano, <strong>Mario Balotelli<\/strong>, es muy famoso por la actividad que tiene en redes sociales, sobre todo porque suele ser tan irreverente como lo es en la cancha, y en esta ocasi\u00f3n, no le import\u00f3 publicar algo referente a la primera dama de Estados Unidos, algo que no le gustar\u00e1 al mandatario de aquel pa\u00eds.<\/p>\n<p>A trav\u00e9s de su cuenta de Instagram, <strong>Mario Balotelli<\/strong> subi\u00f3 una foto de la primera dama de Estados Unidos, Michelle Obama, que portaba un vestido de gala bastante ajustado, tanto, que a <em>S\u00faper Mario<\/em> le gust\u00f3 y no dudo en compartirla.<\/p>\n<p style=\"text-align: center;\"><span style=\"color: #3366ff;\"><a style=\"color: #3366ff;\" href=\"https:\/\/www.futboltotal.com.mx\/2016\/10\/10-curiosidades-de-hugo-sanchez\/\" target=\"_blank\"><strong>LEER M\u00c1S: 40 a\u00f1os del debut de Hugol<\/strong><\/a><\/span><\/p>\n<blockquote class=\"instagram-media\" style=\"background: #ffffff none repeat scroll 0% 0%; border: 0px none; border-radius: 3px; box-shadow: 0px 0px 1px 0px rgba(0, 0, 0, 0.5), 0px 1px 10px 0px rgba(0, 0, 0, 0.15); margin: 1px; max-width: 658px; padding: 0px; width: calc(100% - 2px);\" data-instgrm-captioned=\"\" data-instgrm-version=\"7\">\n<div style=\"padding: 8px;\">\n<div style=\"background: #f8f8f8 none repeat scroll 0% 0%; line-height: 0; margin-top: 40px; padding: 50% 0px; text-align: center; width: 100%;\"><span style=\"color: #3366ff;\"><strong>\u00a0<\/strong><\/span><\/div>\n<p style=\"margin: 8px 0px 0px; padding: 0px 4px;\"><a style=\"color: #000; font-family: Arial,sans-serif; font-size: 14px; font-style: normal; font-weight: normal; line-height: 17px; text-decoration: none; word-wrap: break-word;\" href=\"https:\/\/www.instagram.com\/p\/BL0tEOOjc3T\/\" target=\"_blank\">Oh&#8230; Ok\u270a<\/a><\/p>\n<p style=\"color: #c9c8cd; font-family: Arial,sans-serif; font-size: 14px; line-height: 17px; margin-bottom: 0px; margin-top: 8px; overflow: hidden; padding: 8px 0px 7px; text-align: center; text-overflow: ellipsis; white-space: nowrap;\">Una foto publicada por Mario Balotelli (@mb459) el <time style=\"font-family: Arial,sans-serif; font-size: 14px; line-height: 17px;\" datetime=\"2016-10-21T11:35:53+00:00\">21 de Oct de 2016 a la(s) 4:35 PDT<\/time><\/p>\n<\/div>\n<\/blockquote>\n<p><script async defer src=\"\/\/platform.instagram.com\/en_US\/embeds.js\"><\/script><\/p>\n","protected":false},"excerpt":{"rendered":"<p>El italiano public\u00f3 una imagen que no le gustar\u00e1 a Barack Obama<\/p>\n","protected":false},"author":20,"featured_media":437906,"comment_status":"closed","ping_status":"closed","sticky":false,"template":"","format":"standard","meta":[],"categories":[5419],"tags":[6002],"_links":{"self":[{"href":"http:\/\/desarrollo.grupomedios.com\/futbol\/wp-json\/wp\/v2\/posts\/437905"}],"collection":[{"href":"http:\/\/desarrollo.grupomedios.com\/futbol\/wp-json\/wp\/v2\/posts"}],"about":[{"href":"http:\/\/desarrollo.grupomedios.com\/futbol\/wp-json\/wp\/v2\/types\/post"}],"author":[{"embeddable":true,"href":"http:\/\/desarrollo.grupomedios.com\/futbol\/wp-json\/wp\/v2\/users\/20"}],"replies":[{"embeddable":true,"href":"http:\/\/desarrollo.grupomedios.com\/futbol\/wp-json\/wp\/v2\/comments?post=437905"}],"version-history":[{"count":0,"href":"http:\/\/desarrollo.grupomedios.com\/futbol\/wp-json\/wp\/v2\/posts\/437905\/revisions"}],"wp:featuredmedia":[{"embeddable":true,"href":"http:\/\/desarrollo.grupomedios.com\/futbol\/wp-json\/wp\/v2\/media\/437906"}],"wp:attachment":[{"href":"http:\/\/desarrollo.grupomedios.com\/futbol\/wp-json\/wp\/v2\/media?parent=437905"}],"wp:term":[{"taxonomy":"category","embeddable":true,"href":"http:\/\/desarrollo.grupomedios.com\/futbol\/wp-json\/wp\/v2\/categories?post=437905"},{"taxonomy":"post_tag","embeddable":true,"href":"http:\/\/desarrollo.grupomedios.com\/futbol\/wp-json\/wp\/v2\/tags?post=437905"}],"curies":[{"name":"wp","href":"https:\/\/api.w.org\/{rel}","templated":true}]}}