{"id":438071,"date":"2016-10-24T09:35:17","date_gmt":"2016-10-24T14:35:17","guid":{"rendered":"https:\/\/www.futboltotal.com.mx\/?p=438071"},"modified":"2016-10-24T09:42:12","modified_gmt":"2016-10-24T14:42:12","slug":"11-ideal-la-jornada-14-apertura-2016","status":"publish","type":"post","link":"http:\/\/desarrollo.grupomedios.com\/futbol\/destacado-home\/11-ideal-la-jornada-14-apertura-2016\/2016\/10","title":{"rendered":"El 11 ideal de la jornada 14 | Apertura 2016"},"content":{"rendered":"<p><a href=\"http:\/\/www.futboltotal.com.mx\/equipos\/tijuana\/\" target=\"_blank\"><strong>Xolos<\/strong> <\/a>se convirti\u00f3 en el primer invitado a la liguilla del <strong>Apertura 2016<\/strong>, tras la <strong>jornada 14<\/strong> debido a una combinaci\u00f3n de resultados, y con eso se confirma su buena campa\u00f1a, por eso tres de sus futbolistas figuran en el <strong>11 ideal<\/strong> del \u00faltimo fin de semana, donde tambi\u00e9n aparecen jugadores de equipos que est\u00e1n sabor\u00e9andose la <em>Fiesta Grande<\/em>.<\/p>\n<p style=\"text-align: center;\"><span style=\"color: #3366ff;\"><a style=\"color: #3366ff;\" href=\"https:\/\/www.futboltotal.com.mx\/2016\/10\/restan-7-boletos-la-liguilla-del-apertura-2016\/\" target=\"_blank\"><strong>LEER M\u00c1S: Resumen de la jornada 14<\/strong><\/a><\/span><\/p>\n<p style=\"text-align: center;\"><a href=\"https:\/\/www.futboltotal.com.mx\/wp-content\/uploads\/2016\/10\/11ideal-jornada-14-apertura-2016.jpg\"><img decoding=\"async\" loading=\"lazy\" class=\"alignnone size-full wp-image-438072\" src=\"https:\/\/www.futboltotal.com.mx\/wp-content\/uploads\/2016\/10\/11ideal-jornada-14-apertura-2016.jpg\" alt=\"11ideal-jornada-14-apertura-2016\" srcset=\"http:\/\/desarrollo.grupomedios.com\/futbol\/wp-content\/uploads\/2016\/10\/11ideal-jornada-14-apertura-2016.jpg 858w, http:\/\/desarrollo.grupomedios.com\/futbol\/wp-content\/uploads\/2016\/10\/11ideal-jornada-14-apertura-2016-213x300.jpg 213w, http:\/\/desarrollo.grupomedios.com\/futbol\/wp-content\/uploads\/2016\/10\/11ideal-jornada-14-apertura-2016-768x1083.jpg 768w, http:\/\/desarrollo.grupomedios.com\/futbol\/wp-content\/uploads\/2016\/10\/11ideal-jornada-14-apertura-2016-726x1024.jpg 726w\" sizes=\"(max-width: 858px) 100vw, 858px\" \/><\/a><\/p>\n<p><strong>Federico Vilar | Xolos<\/strong> | \u00danico cancerbero de la Liga MX que no recibi\u00f3 anotaci\u00f3n en la jornada 14; l\u00edder de Tijuana ha sido valuarte para que el proyecto del <em>Piojo<\/em> se fortalezca.<\/p>\n<p><strong>Efra\u00edn Velarde | <a href=\"http:\/\/www.futboltotal.com.mx\/equipos\/leon\/\" target=\"_blank\">Le\u00f3n<\/a><\/strong> | Los laterales de <em>la Fiera<\/em>, Chispa y Navarro, fueron de sumo peligro para Morelia, pues ambos dieron asistencia para fulminar a la <em>Monarqu\u00eda<\/em>.<\/p>\n<p><strong>Juan Carlos Valenzuela | Xolos<\/strong> | Como los buenos vinos, entre m\u00e1s edad, m\u00e1s efectivo es en la defensa el<em> Topo<\/em>, quien nulific\u00f3 a la ofensiva del Jaguar.<\/p>\n<p><strong>Carlos Izquierdoz | <a href=\"http:\/\/www.futboltotal.com.mx\/equipos\/santos\/\" target=\"_blank\">Santos<\/a><\/strong> | Con doblete a los <em>rojinegros<\/em>, el l\u00edder de <em>la Comarca<\/em> le dio puntos de alivio a su equipo.<\/p>\n<p><strong>Erick Aguirre | <a href=\"http:\/\/www.futboltotal.com.mx\/equipos\/pachuca\/\" target=\"_blank\">Pachuca<\/a><\/strong> | Defensivamente tuvo complicaciones con Brizuela, pero a la ofensiva fue efectivo a la hora de los contragolpes; dio asistencia para que los<em> Tuzos<\/em> empataran.<\/p>\n<p><strong>Manuel Iturra | <a href=\"http:\/\/www.futboltotal.com.mx\/equipos\/necaxa\/\" target=\"_blank\">Necaxa<\/a><\/strong> | De los refuerzos de los <em>Rayos<\/em>, el chileno ha sido el m\u00e1s discreto pero igual que Puch, Barovero y Esp\u00edndola, se ha hecho de la titularidad por su calidad.<\/p>\n<p><strong>Dami\u00e1n Escudero | <a href=\"http:\/\/www.futboltotal.com.mx\/equipos\/puebla\/\" target=\"_blank\">Puebla<\/a><\/strong> | El asalto al estadio Azul fue comandado por el volante de <em>la Franja<\/em>, quien le quit\u00f3 la titularidad al Hobbit, aunque su recambio, pudo dar asistencia para sentenciar el marcador.<\/p>\n<p><strong>Jonathan Urretaviscaya | Pachuca<\/strong> | Fue peligros\u00edsimo en los contragolpes ante Chivas, y uno de ellos fue terminado por \u00e9l mismo para la remontada a domicilio.<\/p>\n<p><strong>Ismael Sosa | <a href=\"http:\/\/www.futboltotal.com.mx\/equipos\/tigres\/\" target=\"_blank\">Tigres<\/a><\/strong> | Dio asistencia y anot\u00f3 a su ex equipo para que su actual club pudiera sumar; pero ofreci\u00f3 disculpas por su irreverencia al cuadro que lo trajo a M\u00e9xico.<\/p>\n<p><strong>Milton Caraglio | Xolos<\/strong> | Anot\u00f3 el primer tanto y provoc\u00f3 el segundo, para que Tijuana sumara y se convirtiera, en el primer calificado a la <em>Fiesta Grande.<\/em><\/p>\n<p><strong>Camilo Sanvezzo | <a href=\"http:\/\/www.futboltotal.com.mx\/equipos\/queretaro\/\" target=\"_blank\">Quer\u00e9taro<\/a><\/strong> | Volvi\u00f3 a anotar por tercer juego consecutivo, por eso se afianzado, como el hombre gol de los <em>Gallos.<\/em><\/p>\n","protected":false},"excerpt":{"rendered":"<p>Sosa lidera al heroico cuerpo de jugadores del fin de semana<\/p>\n","protected":false},"author":20,"featured_media":438073,"comment_status":"closed","ping_status":"closed","sticky":false,"template":"","format":"standard","meta":[],"categories":[5,2198,3845],"tags":[5623,6927,4550],"_links":{"self":[{"href":"http:\/\/desarrollo.grupomedios.com\/futbol\/wp-json\/wp\/v2\/posts\/438071"}],"collection":[{"href":"http:\/\/desarrollo.grupomedios.com\/futbol\/wp-json\/wp\/v2\/posts"}],"about":[{"href":"http:\/\/desarrollo.grupomedios.com\/futbol\/wp-json\/wp\/v2\/types\/post"}],"author":[{"embeddable":true,"href":"http:\/\/desarrollo.grupomedios.com\/futbol\/wp-json\/wp\/v2\/users\/20"}],"replies":[{"embeddable":true,"href":"http:\/\/desarrollo.grupomedios.com\/futbol\/wp-json\/wp\/v2\/comments?post=438071"}],"version-history":[{"count":0,"href":"http:\/\/desarrollo.grupomedios.com\/futbol\/wp-json\/wp\/v2\/posts\/438071\/revisions"}],"wp:featuredmedia":[{"embeddable":true,"href":"http:\/\/desarrollo.grupomedios.com\/futbol\/wp-json\/wp\/v2\/media\/438073"}],"wp:attachment":[{"href":"http:\/\/desarrollo.grupomedios.com\/futbol\/wp-json\/wp\/v2\/media?parent=438071"}],"wp:term":[{"taxonomy":"category","embeddable":true,"href":"http:\/\/desarrollo.grupomedios.com\/futbol\/wp-json\/wp\/v2\/categories?post=438071"},{"taxonomy":"post_tag","embeddable":true,"href":"http:\/\/desarrollo.grupomedios.com\/futbol\/wp-json\/wp\/v2\/tags?post=438071"}],"curies":[{"name":"wp","href":"https:\/\/api.w.org\/{rel}","templated":true}]}}