{"id":438137,"date":"2016-10-24T16:26:49","date_gmt":"2016-10-24T21:26:49","guid":{"rendered":"https:\/\/www.futboltotal.com.mx\/?p=438137"},"modified":"2016-10-24T16:26:49","modified_gmt":"2016-10-24T21:26:49","slug":"descartan-a-ronaldinho-en-queretaro","status":"publish","type":"post","link":"http:\/\/desarrollo.grupomedios.com\/futbol\/futbol-mexicano\/descartan-a-ronaldinho-en-queretaro\/2016\/10","title":{"rendered":"Descartan a otro Ronaldinho en Quer\u00e9taro"},"content":{"rendered":"<p>En una entrevista, el presidente deportivo del<a href=\"http:\/\/www.futboltotal.com.mx\/equipos\/queretaro\/\" target=\"_blank\"> <strong>Quer\u00e9taro<\/strong><\/a>, <strong>Joaqu\u00edn Beltr\u00e1n<\/strong>, revel\u00f3 que a pesar de que se ha rumorado que volver\u00edan a fichar a un jugador como <strong>Ronaldinho<\/strong>, por el momento, eso no es prioridad en los <em>Gallos Blancos<\/em>, aunque no descarta que m\u00e1s adelante puedan realizar una adquisici\u00f3n similar.<\/p>\n<p>\u201cCada temporada se maneja esto (de un refuerzo como <strong>Ronaldinho<\/strong>), y aunque s\u00ed nos gustar\u00eda, por el momento no estamos pensando en efectuarlo\u201d, indic\u00f3 <strong>Joaqu\u00edn Beltr\u00e1n<\/strong>, en charla telef\u00f3nica con la cadena <em>ESPN<\/em>.<\/p>\n<p><strong>Ronaldinho<\/strong> caus\u00f3 sensaci\u00f3n cuando fue anunciado como refuerzo del <strong>Quer\u00e9taro<\/strong> y durante los primeros meses despu\u00e9s de su salida, se rumor\u00f3 la llegada de Robinho y de V\u00edctor Vald\u00e9s, sin embargo ninguno de los dos era una opci\u00f3n real.<\/p>\n<p style=\"text-align: center;\"><span style=\"color: #3366ff;\"><a style=\"color: #3366ff;\" href=\"https:\/\/www.futboltotal.com.mx\/2016\/10\/asi-se-jugaria-la-liguilla-del-apertura-2016\/\" target=\"_blank\"><strong>LEER M\u00c1S: Las posibilidades de Quer\u00e9taro para calificar<\/strong><\/a><\/span><\/p>\n<p>Recientemente se manej\u00f3 el tema de Kak\u00e1, pero <strong>Joaqu\u00edn Beltr\u00e1n<\/strong>, aunque no neg\u00f3 que la directiva de <strong>Quer\u00e9taro<\/strong> buscara al brasile\u00f1o, tampoco lo se\u00f1ala como una posibilidad remota.<\/p>\n","protected":false},"excerpt":{"rendered":"<p>Directiva de Gallos no busca otro fichaje descomunal<\/p>\n","protected":false},"author":20,"featured_media":438138,"comment_status":"closed","ping_status":"closed","sticky":false,"template":"","format":"standard","meta":[],"categories":[2198,3845,5950],"tags":[5970,5997],"_links":{"self":[{"href":"http:\/\/desarrollo.grupomedios.com\/futbol\/wp-json\/wp\/v2\/posts\/438137"}],"collection":[{"href":"http:\/\/desarrollo.grupomedios.com\/futbol\/wp-json\/wp\/v2\/posts"}],"about":[{"href":"http:\/\/desarrollo.grupomedios.com\/futbol\/wp-json\/wp\/v2\/types\/post"}],"author":[{"embeddable":true,"href":"http:\/\/desarrollo.grupomedios.com\/futbol\/wp-json\/wp\/v2\/users\/20"}],"replies":[{"embeddable":true,"href":"http:\/\/desarrollo.grupomedios.com\/futbol\/wp-json\/wp\/v2\/comments?post=438137"}],"version-history":[{"count":0,"href":"http:\/\/desarrollo.grupomedios.com\/futbol\/wp-json\/wp\/v2\/posts\/438137\/revisions"}],"wp:featuredmedia":[{"embeddable":true,"href":"http:\/\/desarrollo.grupomedios.com\/futbol\/wp-json\/wp\/v2\/media\/438138"}],"wp:attachment":[{"href":"http:\/\/desarrollo.grupomedios.com\/futbol\/wp-json\/wp\/v2\/media?parent=438137"}],"wp:term":[{"taxonomy":"category","embeddable":true,"href":"http:\/\/desarrollo.grupomedios.com\/futbol\/wp-json\/wp\/v2\/categories?post=438137"},{"taxonomy":"post_tag","embeddable":true,"href":"http:\/\/desarrollo.grupomedios.com\/futbol\/wp-json\/wp\/v2\/tags?post=438137"}],"curies":[{"name":"wp","href":"https:\/\/api.w.org\/{rel}","templated":true}]}}