{"id":438207,"date":"2016-10-25T10:13:33","date_gmt":"2016-10-25T15:13:33","guid":{"rendered":"https:\/\/www.futboltotal.com.mx\/?p=438207"},"modified":"2016-10-25T10:13:33","modified_gmt":"2016-10-25T15:13:33","slug":"zidane-no-me-preocupa-que-cristiano-no-anote","status":"publish","type":"post","link":"http:\/\/desarrollo.grupomedios.com\/futbol\/futbol-internacional\/zidane-no-me-preocupa-que-cristiano-no-anote\/2016\/10","title":{"rendered":"Zidane asegura: &#8220;No me preocupa que Cristiano no anote&#8221;"},"content":{"rendered":"<p>Puede que Cristiano Ronaldo no est\u00e9 teniendo un buen inicio de temporada en el Real Madrid, especialmente en lo que se refiere a efectividad frente al marco, pero eso no le preocupa a Zinedine Zidane.<\/p>\n<p>Hasta el momento, Cristiano ha participado en seis encuentros de La Liga de Espa\u00f1a (se perdi\u00f3 las primeras tres jornadas por la lesi\u00f3n que arrastraba desde la final de la <em>Euro<\/em>) y s\u00f3lo ha conseguido anotar dos goles.<\/p>\n<p style=\"text-align: center;\"><a href=\"https:\/\/www.futboltotal.com.mx\/2016\/10\/cristiano-molesto-gol-morata\/\" target=\"_blank\"><span style=\"color: #3366ff;\"><strong>LEER M\u00c1S: Cristiano, \u00bfmolesto por gol de Morata?<\/strong><\/span><\/a><\/p>\n<p>Un registro anotador tan bajo no es usual para <em>CR7<\/em>, pero parece que al entrenador de los <em>Merengues<\/em> esto no le parece un problema.<\/p>\n<p>As\u00ed lo dej\u00f3 ver <em>Zizou<\/em> cuando se refiri\u00f3 a Cristiano en la rueda de prensa previa al duelo en el que el Madrid enfrentar\u00e1 al Cultural Leonesa el mi\u00e9rcoles, en la ida de los dieciseisavos de la Copa del Rey.<\/p>\n<p style=\"text-align: center;\"><a href=\"https:\/\/www.futboltotal.com.mx\/2016\/10\/la-rabia-cristiano-ronaldo\/\" target=\"_blank\"><span style=\"color: #3366ff;\"><strong>LEER M\u00c1S: La rabia de Cristiano Ronaldo<\/strong><\/span><\/a><\/p>\n<p>Cuando se refiri\u00f3 a la productividad de su atacante estelar este martes, el t\u00e9cnico franc\u00e9s explic\u00f3: \u201cYo hablo con \u00e9l de otras cosas. No es que no me importe; me importa, porque prefiero que meta dos o tres goles por partido, pero no estoy preocupado porque s\u00e9 que va a pasar\u201d.<\/p>\n<p>Zidane a\u00f1adi\u00f3 sobre el momento de Cristiano: \u201cSigue manteniendo muchas ocasiones y dentro de poco la meter\u00e1\u201d.\u00a0Adem\u00e1s, el entrenador del Madrid no dio importancia al hecho de que parte de la afici\u00f3n que asisti\u00f3 al Santiago Bernab\u00e9u el domingo pasado para el partido contra el Athletic de Bilbao, silb\u00f3 al portugu\u00e9s.<\/p>\n<blockquote class=\"twitter-tweet\" data-lang=\"es\">\n<p dir=\"ltr\" lang=\"es\">Zidane: &#8220;No entiendo los pitos a Cristiano pero al mismo tiempo te digo que s\u00ed, a m\u00ed tambi\u00e9n me pitaron, esto puede pasar&#8221;. <a href=\"https:\/\/t.co\/bZlYZ093xf\">pic.twitter.com\/bZlYZ093xf<\/a><\/p>\n<p>\u2014 El Chiringuito TV (@elchiringuitotv) <a href=\"https:\/\/twitter.com\/elchiringuitotv\/status\/790871207063281664\">25 de octubre de 2016<\/a><\/p><\/blockquote>\n<p><script async src=\"\/\/platform.twitter.com\/widgets.js\" charset=\"utf-8\"><\/script><\/p>\n<p>\u201cA m\u00ed tambi\u00e9n me pitaron cuando estaba de jugador -dijo Zidane-; esto puede pasar, significa que el p\u00fablico exige mucho de los jugadores, el Bernab\u00e9u es especial\u201d.<\/p>\n","protected":false},"excerpt":{"rendered":"<p>A Zizou no le quita el sue\u00f1o la poca productividad goleadora de Cristiano en esta campa\u00f1a<\/p>\n","protected":false},"author":20,"featured_media":431528,"comment_status":"closed","ping_status":"closed","sticky":false,"template":"","format":"standard","meta":[],"categories":[3839,3844,5951],"tags":[1496,6013,2048,5988,1504,2943,2215],"_links":{"self":[{"href":"http:\/\/desarrollo.grupomedios.com\/futbol\/wp-json\/wp\/v2\/posts\/438207"}],"collection":[{"href":"http:\/\/desarrollo.grupomedios.com\/futbol\/wp-json\/wp\/v2\/posts"}],"about":[{"href":"http:\/\/desarrollo.grupomedios.com\/futbol\/wp-json\/wp\/v2\/types\/post"}],"author":[{"embeddable":true,"href":"http:\/\/desarrollo.grupomedios.com\/futbol\/wp-json\/wp\/v2\/users\/20"}],"replies":[{"embeddable":true,"href":"http:\/\/desarrollo.grupomedios.com\/futbol\/wp-json\/wp\/v2\/comments?post=438207"}],"version-history":[{"count":0,"href":"http:\/\/desarrollo.grupomedios.com\/futbol\/wp-json\/wp\/v2\/posts\/438207\/revisions"}],"wp:featuredmedia":[{"embeddable":true,"href":"http:\/\/desarrollo.grupomedios.com\/futbol\/wp-json\/wp\/v2\/media\/431528"}],"wp:attachment":[{"href":"http:\/\/desarrollo.grupomedios.com\/futbol\/wp-json\/wp\/v2\/media?parent=438207"}],"wp:term":[{"taxonomy":"category","embeddable":true,"href":"http:\/\/desarrollo.grupomedios.com\/futbol\/wp-json\/wp\/v2\/categories?post=438207"},{"taxonomy":"post_tag","embeddable":true,"href":"http:\/\/desarrollo.grupomedios.com\/futbol\/wp-json\/wp\/v2\/tags?post=438207"}],"curies":[{"name":"wp","href":"https:\/\/api.w.org\/{rel}","templated":true}]}}