{"id":438252,"date":"2016-10-25T12:01:29","date_gmt":"2016-10-25T17:01:29","guid":{"rendered":"https:\/\/www.futboltotal.com.mx\/?p=438252"},"modified":"2016-10-25T12:01:29","modified_gmt":"2016-10-25T17:01:29","slug":"dorlan-pabon-fue-victima-la-delincuencia","status":"publish","type":"post","link":"http:\/\/desarrollo.grupomedios.com\/futbol\/futbol-mexicano\/dorlan-pabon-fue-victima-la-delincuencia\/2016\/10","title":{"rendered":"Dorlan Pab\u00f3n fue v\u00edctima de la delincuencia en Monterrey"},"content":{"rendered":"<p>El delantero del Monterrey, Dorlan Pab\u00f3n, fue v\u00edctima de la delincuencia e hizo p\u00fablico el hecho a trav\u00e9s de internet.<\/p>\n<p>La noche del lunes, el colombiano denunci\u00f3 a trav\u00e9s de su cuenta de Instagram que hab\u00edan roto el vidrio de su camioneta para robarle.<\/p>\n<p style=\"text-align: center;\"><a href=\"https:\/\/www.futboltotal.com.mx\/2016\/10\/resultados-liga-mx-monterrey-1-1-toluca\/\" target=\"_blank\"><span style=\"color: #3366ff;\"><strong>LEER M\u00c1S: Monterrey no pudo con Toluca<\/strong><\/span><\/a><\/p>\n<p>\u201cMe acaban de quebrar el vidrio del carro estacionado en la ciudad de Monterrey, lo \u00fanico que me interesa son los documentos\u201d, escribi\u00f3 Pab\u00f3n en el post.<\/p>\n<p>El atacante <em>Rayado<\/em> agradeci\u00f3 de antemano cualquier informaci\u00f3n que pudieran proporcionarle para recuperar sus papeles.<\/p>\n<blockquote class=\"instagram-media\" style=\"background: #FFF; border: 0; border-radius: 3px; box-shadow: 0 0 1px 0 rgba(0,0,0,0.5),0 1px 10px 0 rgba(0,0,0,0.15); margin: 1px; max-width: 658px; padding: 0; width: calc(100% - 2px);\" data-instgrm-captioned=\"\" data-instgrm-version=\"7\">\n<div style=\"padding: 8px;\">\n<div style=\"background: #F8F8F8; line-height: 0; margin-top: 40px; padding: 50.0% 0; text-align: center; width: 100%;\"><\/div>\n<p style=\"margin: 8px 0 0 0; padding: 0 4px;\"><a style=\"color: #000; font-family: Arial,sans-serif; font-size: 14px; font-style: normal; font-weight: normal; line-height: 17px; text-decoration: none; word-wrap: break-word;\" href=\"https:\/\/www.instagram.com\/p\/BL9_A9Ileod\/\" target=\"_blank\">Me acaban de quebrar el vidrio del carro estacionado en la ciudad de monterrey, lo unico que me interesa son mis documentos, si alguien tiene informacion muchas gracias<\/a><\/p>\n<p style=\"color: #c9c8cd; font-family: Arial,sans-serif; font-size: 14px; line-height: 17px; margin-bottom: 0; margin-top: 8px; overflow: hidden; padding: 8px 0 7px; text-align: center; text-overflow: ellipsis; white-space: nowrap;\">A photo posted by Blessed Forever &#x1f64f;&#x1f64f; (@dpabon8) on <time style=\"font-family: Arial,sans-serif; font-size: 14px; line-height: 17px;\" datetime=\"2016-10-25T02:05:53+00:00\">Oct 24, 2016 at 7:05pm PDT<\/time><\/p>\n<\/div>\n<\/blockquote>\n<p><script async defer src=\"\/\/platform.instagram.com\/en_US\/embeds.js\"><\/script><\/p>\n<p>Aunque explic\u00f3 lo que hab\u00eda sucedido, adem\u00e1s de mostrar una fotograf\u00eda del veh\u00edculo con el vidrio roto, Dorlan Pab\u00f3n no especific\u00f3 en qu\u00e9 parte de la ciudad se encontraba estacionado cuando ocurri\u00f3 el robo.<\/p>\n<p>El pr\u00f3ximo s\u00e1bado, Pab\u00f3n disputar\u00e1 con los <em>Rayados\u00a0<\/em>el duelo local contra los <em>Tigres<\/em>, encuentro que podr\u00eda ser definitivo para las aspiraciones para avanzar a la liguilla del cuadro que dirige Antonio Mohamed.<\/p>\n","protected":false},"excerpt":{"rendered":"<p>Robaron documentos de Dorlan Pab\u00f3n mientras su veh\u00edculo estaba estacionado<\/p>\n","protected":false},"author":20,"featured_media":410764,"comment_status":"closed","ping_status":"closed","sticky":false,"template":"","format":"standard","meta":[],"categories":[2198,3845],"tags":[2612,5966,497],"_links":{"self":[{"href":"http:\/\/desarrollo.grupomedios.com\/futbol\/wp-json\/wp\/v2\/posts\/438252"}],"collection":[{"href":"http:\/\/desarrollo.grupomedios.com\/futbol\/wp-json\/wp\/v2\/posts"}],"about":[{"href":"http:\/\/desarrollo.grupomedios.com\/futbol\/wp-json\/wp\/v2\/types\/post"}],"author":[{"embeddable":true,"href":"http:\/\/desarrollo.grupomedios.com\/futbol\/wp-json\/wp\/v2\/users\/20"}],"replies":[{"embeddable":true,"href":"http:\/\/desarrollo.grupomedios.com\/futbol\/wp-json\/wp\/v2\/comments?post=438252"}],"version-history":[{"count":0,"href":"http:\/\/desarrollo.grupomedios.com\/futbol\/wp-json\/wp\/v2\/posts\/438252\/revisions"}],"wp:featuredmedia":[{"embeddable":true,"href":"http:\/\/desarrollo.grupomedios.com\/futbol\/wp-json\/wp\/v2\/media\/410764"}],"wp:attachment":[{"href":"http:\/\/desarrollo.grupomedios.com\/futbol\/wp-json\/wp\/v2\/media?parent=438252"}],"wp:term":[{"taxonomy":"category","embeddable":true,"href":"http:\/\/desarrollo.grupomedios.com\/futbol\/wp-json\/wp\/v2\/categories?post=438252"},{"taxonomy":"post_tag","embeddable":true,"href":"http:\/\/desarrollo.grupomedios.com\/futbol\/wp-json\/wp\/v2\/tags?post=438252"}],"curies":[{"name":"wp","href":"https:\/\/api.w.org\/{rel}","templated":true}]}}