{"id":438427,"date":"2016-10-29T18:45:57","date_gmt":"2016-10-29T23:45:57","guid":{"rendered":"https:\/\/www.futboltotal.com.mx\/?p=438427"},"modified":"2016-10-29T21:53:42","modified_gmt":"2016-10-30T02:53:42","slug":"en-vivo-morelia-vs-necaxa-liga-mx","status":"publish","type":"post","link":"http:\/\/desarrollo.grupomedios.com\/futbol\/futbol-mexicano\/en-vivo-morelia-vs-necaxa-liga-mx\/2016\/10","title":{"rendered":"AS\u00cd SE VIVI\u00d3 | Morelia vs Necaxa | Liga MX"},"content":{"rendered":"<p><a class=\"twitter-timeline\" href=\"https:\/\/twitter.com\/search?q=from%3AFuerzaMonarca%2C%20OR%20from%3AClubNecaxa\" data-widget-id=\"792513249006669824\">Tweets sobre from:FuerzaMonarca, OR from:ClubNecaxa<\/a><br \/>\n<script>!function(d,s,id){var js,fjs=d.getElementsByTagName(s)[0],p=\/^http:\/.test(d.location)?'http':'https';if(!d.getElementById(id)){js=d.createElement(s);js.id=id;js.src=p+\":\/\/platform.twitter.com\/widgets.js\";fjs.parentNode.insertBefore(js,fjs);}}(document,\"script\",\"twitter-wjs\");<\/script><\/p>\n<p>Al principio del torneo, se vislumbraba que <a href=\"http:\/\/futboltotal.com.mx\/equipos\/morelia\/\" target=\"_blank\"><strong>Morelia<\/strong><\/a> y <a href=\"http:\/\/futboltotal.com.mx\/equipos\/necaxa\/\" target=\"_blank\"><strong>Necaxa<\/strong><\/a> pelear\u00edan por mejorar su situaci\u00f3n en la tabla de cociente, sin embargo, en el marco de la <strong>jornada 15 del Apertura 2016<\/strong>, s\u00f3lo Monarcas vive dicha situaci\u00f3n, pues los Rayos tienen la mente en la calificaci\u00f3n a Liguilla.<\/p>\n<p>El Estadio Morelos albergar\u00e1 el cotejo el pr\u00f3ximo s\u00e1bado en punto de las 19:00 horas, ah\u00ed <strong>Morelia<\/strong> tiene un complicado cotejo, porque sigue en la transici\u00f3n de Enrique Meza y un nuevo proyecto que lo saque del fondo del descenso, en tanto, el rival a\u00fan no se ve en la\u00a0<em>Fiesta Grande<\/em>.<\/p>\n<p>\u201cSe vale so\u00f1ar, por supuesto que se vale ilusionarnos con una liguilla porque est\u00e1 a la vista, est\u00e1 al alcance y en estos momentos depende de nosotros, por supuesto que nos ilusiona pero el objetivo sigue siendo el principal que es mantener la categor\u00eda. A m\u00ed realmente no me sorprende que ahorita estemos donde estamos, porque el grupo que hay es muy bueno, tenemos un buen cuerpo t\u00e9cnico, se hizo un buen ambiente, hay buenos jugadores y a mi no me sorprende en lo m\u00e1s m\u00ednimo que estemos teniendo \u00e9ste buen torneo\u201d, coment\u00f3 el defensa del <strong>Necaxa<\/strong>, Jairo Gonz\u00e1lez, ante medios de comunicaci\u00f3n.<\/p>\n<p>\u00bfCu\u00e1l es tu pron\u00f3stico para el <strong>Morelia vs Necaxa<\/strong>, <em>crack<\/em>?<\/p>\n<p><strong>S\u00edguenos en Twitter<\/strong>: <a href=\"https:\/\/twitter.com\/MXFutbolTotal\" target=\"_blank\">@MXFutbolTotal<\/a><\/p>\n","protected":false},"excerpt":{"rendered":"<p>Monarcas acab\u00f3 con la racha de los Rayos<\/p>\n","protected":false},"author":20,"featured_media":438429,"comment_status":"closed","ping_status":"closed","sticky":false,"template":"","format":"standard","meta":[],"categories":[2198,3845],"tags":[5967,261],"_links":{"self":[{"href":"http:\/\/desarrollo.grupomedios.com\/futbol\/wp-json\/wp\/v2\/posts\/438427"}],"collection":[{"href":"http:\/\/desarrollo.grupomedios.com\/futbol\/wp-json\/wp\/v2\/posts"}],"about":[{"href":"http:\/\/desarrollo.grupomedios.com\/futbol\/wp-json\/wp\/v2\/types\/post"}],"author":[{"embeddable":true,"href":"http:\/\/desarrollo.grupomedios.com\/futbol\/wp-json\/wp\/v2\/users\/20"}],"replies":[{"embeddable":true,"href":"http:\/\/desarrollo.grupomedios.com\/futbol\/wp-json\/wp\/v2\/comments?post=438427"}],"version-history":[{"count":0,"href":"http:\/\/desarrollo.grupomedios.com\/futbol\/wp-json\/wp\/v2\/posts\/438427\/revisions"}],"wp:featuredmedia":[{"embeddable":true,"href":"http:\/\/desarrollo.grupomedios.com\/futbol\/wp-json\/wp\/v2\/media\/438429"}],"wp:attachment":[{"href":"http:\/\/desarrollo.grupomedios.com\/futbol\/wp-json\/wp\/v2\/media?parent=438427"}],"wp:term":[{"taxonomy":"category","embeddable":true,"href":"http:\/\/desarrollo.grupomedios.com\/futbol\/wp-json\/wp\/v2\/categories?post=438427"},{"taxonomy":"post_tag","embeddable":true,"href":"http:\/\/desarrollo.grupomedios.com\/futbol\/wp-json\/wp\/v2\/tags?post=438427"}],"curies":[{"name":"wp","href":"https:\/\/api.w.org\/{rel}","templated":true}]}}