{"id":438500,"date":"2016-10-26T10:58:55","date_gmt":"2016-10-26T15:58:55","guid":{"rendered":"https:\/\/www.futboltotal.com.mx\/?p=438500"},"modified":"2016-10-26T11:03:15","modified_gmt":"2016-10-26T16:03:15","slug":"barcelona-renueva-la-masia","status":"publish","type":"post","link":"http:\/\/desarrollo.grupomedios.com\/futbol\/uncategorized\/barcelona-renueva-la-masia\/2016\/10","title":{"rendered":"Barcelona renueva el concepto de la Mas\u00eda"},"content":{"rendered":"<p>El club espa\u00f1ol <strong>Barcelona<\/strong> anunci\u00f3 la renovaci\u00f3n de la Mas\u00eda a un concepto que ha bautizado como Mas\u00eda 360 mediante el cual pretende mejorar su apuesta formativa a futuro.<\/p>\n<p>El nuevo concepto \u2013en el cual la instituci\u00f3n ha trabajado por m\u00e1s de un a\u00f1o\u2013 pretende sistematizar todo lo que se ven\u00eda haciendo en la formaci\u00f3n de deportistas de \u00e9lite, para que se convierta en un m\u00e9todo.<\/p>\n<p style=\"text-align: center;\"><span style=\"color: #3366ff;\"><a style=\"color: #3366ff;\" href=\"https:\/\/www.futboltotal.com.mx\/2016\/10\/real-madrid-renueva-a-lucas-vazquez-2021\/\">LEER M\u00c1S: Real Madrid blinda a una de sus joyas<\/a><\/span><\/p>\n<p>Un aspecto que cambiar\u00e1 ser\u00e1 que cualquier menor que se incorpore al Centro de Formaci\u00f3n Oriol Tort se le aplicar\u00e1 &#8220;un procedimiento ordenado de acciones dirigidas al crecimiento deportivo, humano y de autoconocimiento&#8221;, tarea en la cual se pretende involucrar al personal blaugrana, a la familia y la escuela a la que acuda el menor.<\/p>\n<p>Adem\u00e1s del estilos de juego, tambi\u00e9n se inculcar\u00e1n &#8220;habilidades sociales y personales&#8221; a trav\u00e9s de un programa que incluir\u00e1 intervenciones mensuales y de un servicio de atenci\u00f3n integral al deportista en el que le apoyar\u00e1 en cuestiones escolares, familiares o psicol\u00f3gicas.<\/p>\n<p>El objetivo de Mas\u00eda 360 es formar al individuo deportiva e intelectualmente, ense\u00f1\u00e1ndoles valores como el respeto y el trabajo en equipo. &#8220;La metodolog\u00eda se basa en el entrenamiento de las competencias emocionales que se transferir\u00e1n a los entrenamientos y a la competici\u00f3n&#8221;, se\u00f1ala Carles Folguera, director de La Mas\u00eda, quien se ha encargado en los \u00faltimos a\u00f1os de dar contenido a la idea de que este centro de formaci\u00f3n sea m\u00e1s que un lugar en el que se produzcan atletas de alto nivel.<\/p>\n<p>El proyecto contar\u00e1 de una inversi\u00f3n de 3.3 millones de euros, el doble de lo que se ven\u00eda invirtiendo hasta ahora, para supervisar y acompa\u00f1ar la carrera de sus deportistas.<\/p>\n<p>La Mas\u00eda 360 supervisar\u00e1 y acompa\u00f1ara la carrera deportiva y acad\u00e9mica de los 607 deportistas de futbol, basquetbol, voleibol, hockey sobre patines y futbol sala. De estos 607 deportistas, 76 viven en la Residencia Oriol Tort; 337 forman parte del futbol formativo, y 270, de las secciones profesionales.<\/p>\n<p style=\"text-align: center;\"><span style=\"color: #3366ff;\"><a style=\"color: #3366ff;\" href=\"https:\/\/www.futboltotal.com.mx\/2016\/10\/guardiola-pide-tiempo-adaptarse-a-la-premier\/\">LEER M\u00c1S: Guardiola pide tiempo para adaptarse a la Premier<\/a><\/span><\/p>\n<p>Todos estos guiados por un cuerpo t\u00e9cnico compuesto por 107 entrenadores y un Servicio de Atenci\u00f3n Integral al Deportista, en el que se incluyen el Servicio de Tutorizaci\u00f3n, de Psicolog\u00eda y de Atenci\u00f3n Escolar.<\/p>\n<p>La Mas\u00eda es la residencia y academia formativa del Club <strong>Barcelona<\/strong>, en la cual m\u00e1s de 500 ni\u00f1os han pasado a lo largo de 30 a\u00f1os con el objetivo de convertirse en deportistas de \u00e9lite.<\/p>\n","protected":false},"excerpt":{"rendered":"<p>En sus instalaciones se han formado cracks como Lionel Messi, Andr\u00e9s Iniesta o Xavi Hern\u00e1ndez.<\/p>\n","protected":false},"author":127,"featured_media":438507,"comment_status":"closed","ping_status":"closed","sticky":false,"template":"","format":"standard","meta":[],"categories":[3839,3844,5951,1],"tags":[5984,2291],"_links":{"self":[{"href":"http:\/\/desarrollo.grupomedios.com\/futbol\/wp-json\/wp\/v2\/posts\/438500"}],"collection":[{"href":"http:\/\/desarrollo.grupomedios.com\/futbol\/wp-json\/wp\/v2\/posts"}],"about":[{"href":"http:\/\/desarrollo.grupomedios.com\/futbol\/wp-json\/wp\/v2\/types\/post"}],"author":[{"embeddable":true,"href":"http:\/\/desarrollo.grupomedios.com\/futbol\/wp-json\/wp\/v2\/users\/127"}],"replies":[{"embeddable":true,"href":"http:\/\/desarrollo.grupomedios.com\/futbol\/wp-json\/wp\/v2\/comments?post=438500"}],"version-history":[{"count":0,"href":"http:\/\/desarrollo.grupomedios.com\/futbol\/wp-json\/wp\/v2\/posts\/438500\/revisions"}],"wp:featuredmedia":[{"embeddable":true,"href":"http:\/\/desarrollo.grupomedios.com\/futbol\/wp-json\/wp\/v2\/media\/438507"}],"wp:attachment":[{"href":"http:\/\/desarrollo.grupomedios.com\/futbol\/wp-json\/wp\/v2\/media?parent=438500"}],"wp:term":[{"taxonomy":"category","embeddable":true,"href":"http:\/\/desarrollo.grupomedios.com\/futbol\/wp-json\/wp\/v2\/categories?post=438500"},{"taxonomy":"post_tag","embeddable":true,"href":"http:\/\/desarrollo.grupomedios.com\/futbol\/wp-json\/wp\/v2\/tags?post=438500"}],"curies":[{"name":"wp","href":"https:\/\/api.w.org\/{rel}","templated":true}]}}