{"id":438506,"date":"2016-10-26T11:21:32","date_gmt":"2016-10-26T16:21:32","guid":{"rendered":"https:\/\/www.futboltotal.com.mx\/?p=438506"},"modified":"2016-10-26T13:14:54","modified_gmt":"2016-10-26T18:14:54","slug":"quedaron-definidas-las-fechas-cuartos-final-concachampions","status":"publish","type":"post","link":"http:\/\/desarrollo.grupomedios.com\/futbol\/destacado-home\/quedaron-definidas-las-fechas-cuartos-final-concachampions\/2016\/10","title":{"rendered":"Definen fechas para Cuartos de Final de Concachampions"},"content":{"rendered":"<p>A unos d\u00edas de que termin\u00f3 la Fase de Grupos de la <strong>Liga de Campeones de Concacaf<\/strong>, el organismo ha revelado la fecha de los partidos de Cuartos de Final a disputarse el primer trimestre de pr\u00f3ximo 2017.<\/p>\n<blockquote class=\"twitter-tweet\" data-lang=\"es\">\n<p dir=\"ltr\" lang=\"en\">Quarterfinal Matchups Confirmed for the 2016\/17 Scotiabank CONCACAF Champions League <a href=\"https:\/\/t.co\/Ygt4JqPuLF\">https:\/\/t.co\/Ygt4JqPuLF<\/a><a href=\"https:\/\/twitter.com\/hashtag\/SCCL?src=hash\">#SCCL<\/a> <a href=\"https:\/\/twitter.com\/hashtag\/SoyAficionado?src=hash\">#SoyAficionado<\/a> <a href=\"https:\/\/t.co\/s6NmBHqSzS\">pic.twitter.com\/s6NmBHqSzS<\/a><\/p>\n<p>\u2014 THE CHAMPIONS (@TheChampions) <a href=\"https:\/\/twitter.com\/TheChampions\/status\/789342431800156160\">21 de octubre de 2016<\/a><\/p><\/blockquote>\n<p><script async src=\"\/\/platform.twitter.com\/widgets.js\" charset=\"utf-8\"><\/script><\/p>\n<p>El primer juego ser\u00e1 el martes 21 de febrero cuando Pachuca visite al Deportivo Saprissa de Costa Rica para disputar el partido de ida en la ciudad de San Jos\u00e9. Al d\u00eda siguiente, el mi\u00e9rcoles 22, Tigres y Pumas dar\u00e1n inicio a su serie cuando se enfrenten en el estadio Universitario de Nuevo Le\u00f3n.<\/p>\n<p>Ese mismo d\u00eda, los equipos de la MLS tendr\u00e1n su primer juego cuando los Vancouver Whitecaps y el New York Red Bulls se enfrenten en el estadio en Nueva York.<\/p>\n<p style=\"text-align: center;\"><strong><span style=\"color: #3366ff;\">LEER M\u00c1S:\u00a0<a style=\"color: #3366ff;\" href=\"https:\/\/www.futboltotal.com.mx\/2016\/10\/toluca-maldicion-en-semifinales\/\">Toluca y su maldici\u00f3n en Semifinales<\/a><\/span><\/strong><\/p>\n<p>Los Cuartos de Final de ida terminar\u00e1n el jueves 23 del mismo mes con el partido entre el FC Dallas y el CD Arabe Unido de Panam\u00e1.<\/p>\n<p>Para los partidos de vuelta, Pachuca volver\u00e1 abrir el certamen cuando reciba a los\u00a0<em>ticos\u00a0<\/em>el martes 28 de febrero. Al d\u00eda siguiente, mi\u00e9rcoles 1 de marzo, Pumas recibir\u00e1 a Tigres en el Ol\u00edmpico Universitario, mientras que los paname\u00f1os le har\u00e1n el honor al FC Dallas.<\/p>\n<p>El \u00faltimo duelo de <strong>Concachampions<\/strong> se disputar\u00e1 el 2 de marzo con la visita de los Red Bulss de New York al BC Place de Vancouver.<\/p>\n<p><a href=\"https:\/\/www.futboltotal.com.mx\/wp-content\/uploads\/2016\/10\/Screen-Shot-2016-10-26-at-11.03.58-AM.png\"><img decoding=\"async\" loading=\"lazy\" class=\"alignnone size-full wp-image-438512\" src=\"https:\/\/www.futboltotal.com.mx\/wp-content\/uploads\/2016\/10\/Screen-Shot-2016-10-26-at-11.03.58-AM.png\" alt=\"screen-shot-2016-10-26-at-11-03-58-am\" srcset=\"http:\/\/desarrollo.grupomedios.com\/futbol\/wp-content\/uploads\/2016\/10\/Screen-Shot-2016-10-26-at-11.03.58-AM.png 474w, http:\/\/desarrollo.grupomedios.com\/futbol\/wp-content\/uploads\/2016\/10\/Screen-Shot-2016-10-26-at-11.03.58-AM-300x270.png 300w\" sizes=\"(max-width: 474px) 100vw, 474px\" \/><\/a><\/p>\n","protected":false},"excerpt":{"rendered":"<p>Los partidos se disputar\u00e1n el primer trimestre de pr\u00f3ximo 2017.<\/p>\n","protected":false},"author":20,"featured_media":438517,"comment_status":"closed","ping_status":"closed","sticky":false,"template":"","format":"standard","meta":[],"categories":[5,3839],"tags":[3182],"_links":{"self":[{"href":"http:\/\/desarrollo.grupomedios.com\/futbol\/wp-json\/wp\/v2\/posts\/438506"}],"collection":[{"href":"http:\/\/desarrollo.grupomedios.com\/futbol\/wp-json\/wp\/v2\/posts"}],"about":[{"href":"http:\/\/desarrollo.grupomedios.com\/futbol\/wp-json\/wp\/v2\/types\/post"}],"author":[{"embeddable":true,"href":"http:\/\/desarrollo.grupomedios.com\/futbol\/wp-json\/wp\/v2\/users\/20"}],"replies":[{"embeddable":true,"href":"http:\/\/desarrollo.grupomedios.com\/futbol\/wp-json\/wp\/v2\/comments?post=438506"}],"version-history":[{"count":0,"href":"http:\/\/desarrollo.grupomedios.com\/futbol\/wp-json\/wp\/v2\/posts\/438506\/revisions"}],"wp:featuredmedia":[{"embeddable":true,"href":"http:\/\/desarrollo.grupomedios.com\/futbol\/wp-json\/wp\/v2\/media\/438517"}],"wp:attachment":[{"href":"http:\/\/desarrollo.grupomedios.com\/futbol\/wp-json\/wp\/v2\/media?parent=438506"}],"wp:term":[{"taxonomy":"category","embeddable":true,"href":"http:\/\/desarrollo.grupomedios.com\/futbol\/wp-json\/wp\/v2\/categories?post=438506"},{"taxonomy":"post_tag","embeddable":true,"href":"http:\/\/desarrollo.grupomedios.com\/futbol\/wp-json\/wp\/v2\/tags?post=438506"}],"curies":[{"name":"wp","href":"https:\/\/api.w.org\/{rel}","templated":true}]}}