{"id":438545,"date":"2016-10-26T14:45:18","date_gmt":"2016-10-26T19:45:18","guid":{"rendered":"https:\/\/www.futboltotal.com.mx\/?p=438545"},"modified":"2016-10-26T14:45:18","modified_gmt":"2016-10-26T19:45:18","slug":"repunte-carlos-vela-la-real-sociedad","status":"publish","type":"post","link":"http:\/\/desarrollo.grupomedios.com\/futbol\/futbol-internacional\/repunte-carlos-vela-la-real-sociedad\/2016\/10","title":{"rendered":"El repunte de Carlos Vela con la Real Sociedad"},"content":{"rendered":"<p>Como en los viejos tiempos, el delantero mexicano <strong>Carlos Vela<\/strong> vuelve a copar portadas en Espa\u00f1a. Este mi\u00e9rcoles, el <em>Bombardero<\/em> es la tapa del diario <em>Mundo Deportivo<\/em>, en su edici\u00f3n de Guipuzkoa, gracias al mete\u00f3rico repunte que ha tenido en la presente temporada 2016-17.<\/p>\n<p>El rotativo destaca el despegue de <strong>Vela\u00a0<\/strong>despu\u00e9s de que el pasado fin de semana, el delantero firmara su mejor arranque goleador desde que lleg\u00f3 a la Real en 2011, al marcar su tercer tanto en la victoria 3-0 sobre Alaves. Adem\u00e1s recuerda tambi\u00e9n se convirti\u00f3 &#8220;en el tercer extranjero con m\u00e1s partidos en la historia de la Real tras Kovacevic (286) y Bravo (237)&#8221;.<\/p>\n<p style=\"text-align: center;\"><a href=\"https:\/\/www.futboltotal.com.mx\/futbol-internacional\/mexicanos-en-europa\/\"><span style=\"color: #3366ff;\"><strong>LEER M\u00c1S: Todas las noticias de mexicanos en Europa<\/strong><\/span><\/a><\/p>\n<p><a href=\"https:\/\/www.futboltotal.com.mx\/wp-content\/uploads\/2016\/10\/CArlos-Vela.jpeg\"><img decoding=\"async\" loading=\"lazy\" class=\"alignnone size-full wp-image-438546\" src=\"https:\/\/www.futboltotal.com.mx\/wp-content\/uploads\/2016\/10\/CArlos-Vela.jpeg\" alt=\"carlos-vela\" srcset=\"http:\/\/desarrollo.grupomedios.com\/futbol\/wp-content\/uploads\/2016\/10\/CArlos-Vela.jpeg 750w, http:\/\/desarrollo.grupomedios.com\/futbol\/wp-content\/uploads\/2016\/10\/CArlos-Vela-248x300.jpeg 248w\" sizes=\"(max-width: 750px) 100vw, 750px\" \/><\/a><\/p>\n<p>M\u00e1s all\u00e1 de ello, el diario apunta que <strong>Carlos Vela<\/strong> est\u00e1 camino a retomar su mejor versi\u00f3n y la posibilidad de que &#8220;seguir superando r\u00e9cords en la Real es ahora m\u00e1s cierta que nunca&#8221;.<\/p>\n<p>&#8220;Algo ha cambiado en el interior del mexicano que hace escasas semanas le llev\u00f3 a proclamar p\u00fablicamente no solamente su estado su estado de felicidad, sino su voluntad de terminar el contrato que le une a la entidad txuri urdin&#8221;, apunta el\u00a0<em>Mundo Deportivo.\u00a0<\/em><\/p>\n<p>y tambi\u00e9n apuntan que &#8220;si bien todav\u00eda no ha recuperado el alt\u00edsimo tono que llev\u00f3 a alcanzar en la Real, su prop\u00f3sito de enmienda parece evidente&#8221;.\u00a0<a href=\"https:\/\/www.futboltotal.com.mx\/wp-content\/uploads\/2016\/10\/Carlos-Vela-2.jpg\"><img decoding=\"async\" loading=\"lazy\" class=\"alignnone size-full wp-image-438552\" src=\"https:\/\/www.futboltotal.com.mx\/wp-content\/uploads\/2016\/10\/Carlos-Vela-2.jpg\" alt=\"carlos-vela\" srcset=\"http:\/\/desarrollo.grupomedios.com\/futbol\/wp-content\/uploads\/2016\/10\/Carlos-Vela-2.jpg 858w, http:\/\/desarrollo.grupomedios.com\/futbol\/wp-content\/uploads\/2016\/10\/Carlos-Vela-2-300x151.jpg 300w, http:\/\/desarrollo.grupomedios.com\/futbol\/wp-content\/uploads\/2016\/10\/Carlos-Vela-2-768x386.jpg 768w, http:\/\/desarrollo.grupomedios.com\/futbol\/wp-content\/uploads\/2016\/10\/Carlos-Vela-2-340x171.jpg 340w\" sizes=\"(max-width: 858px) 100vw, 858px\" \/><\/a><\/p>\n","protected":false},"excerpt":{"rendered":"<p>delantero mexicano roba portada de este mi\u00e9rcoles en Espa\u00f1a<\/p>\n","protected":false},"author":20,"featured_media":438552,"comment_status":"closed","ping_status":"closed","sticky":false,"template":"","format":"standard","meta":[],"categories":[3839,3846],"tags":[6048],"_links":{"self":[{"href":"http:\/\/desarrollo.grupomedios.com\/futbol\/wp-json\/wp\/v2\/posts\/438545"}],"collection":[{"href":"http:\/\/desarrollo.grupomedios.com\/futbol\/wp-json\/wp\/v2\/posts"}],"about":[{"href":"http:\/\/desarrollo.grupomedios.com\/futbol\/wp-json\/wp\/v2\/types\/post"}],"author":[{"embeddable":true,"href":"http:\/\/desarrollo.grupomedios.com\/futbol\/wp-json\/wp\/v2\/users\/20"}],"replies":[{"embeddable":true,"href":"http:\/\/desarrollo.grupomedios.com\/futbol\/wp-json\/wp\/v2\/comments?post=438545"}],"version-history":[{"count":0,"href":"http:\/\/desarrollo.grupomedios.com\/futbol\/wp-json\/wp\/v2\/posts\/438545\/revisions"}],"wp:featuredmedia":[{"embeddable":true,"href":"http:\/\/desarrollo.grupomedios.com\/futbol\/wp-json\/wp\/v2\/media\/438552"}],"wp:attachment":[{"href":"http:\/\/desarrollo.grupomedios.com\/futbol\/wp-json\/wp\/v2\/media?parent=438545"}],"wp:term":[{"taxonomy":"category","embeddable":true,"href":"http:\/\/desarrollo.grupomedios.com\/futbol\/wp-json\/wp\/v2\/categories?post=438545"},{"taxonomy":"post_tag","embeddable":true,"href":"http:\/\/desarrollo.grupomedios.com\/futbol\/wp-json\/wp\/v2\/tags?post=438545"}],"curies":[{"name":"wp","href":"https:\/\/api.w.org\/{rel}","templated":true}]}}