{"id":438568,"date":"2016-10-26T15:54:19","date_gmt":"2016-10-26T20:54:19","guid":{"rendered":"https:\/\/www.futboltotal.com.mx\/?p=438568"},"modified":"2016-10-26T15:54:19","modified_gmt":"2016-10-26T20:54:19","slug":"pilotos-celebran-cascarita-previo-al-gran-premio-mexico","status":"publish","type":"post","link":"http:\/\/desarrollo.grupomedios.com\/futbol\/otros-deportes\/pilotos-celebran-cascarita-previo-al-gran-premio-mexico\/2016\/10","title":{"rendered":"Pilotos celebran cascarita previo al Gran Premio de M\u00e9xico"},"content":{"rendered":"<p>Previo al <strong>Gran Premio de M\u00e9xico<\/strong>\u00a0(30 de octubre) se llev\u00f3 a cabo una \u201ccascarita\u201d entre los pilotos de la <strong>F\u00f3rmula 1<\/strong> en la que tambi\u00e9n estuvieron como invitados futbolistas como Carles Puyol , Francisco Rodr\u00edguez, Leandro Augusto, Oscar P\u00e9rez, Franco Jara e Hirving Lozano.<\/p>\n<p>En un ambiente festivo que organiz\u00f3 <em>Telcel<\/em>, el resultado fue 7-5, siendo el equipo de Puyol el que se llev\u00f3 el triunfo.<\/p>\n<p><a href=\"https:\/\/www.futboltotal.com.mx\/wp-content\/uploads\/2016\/10\/cascarita-gp1-mexico-pilotos-noticias-1.jpg\"><img decoding=\"async\" loading=\"lazy\" class=\"alignnone size-full wp-image-438576\" src=\"https:\/\/www.futboltotal.com.mx\/wp-content\/uploads\/2016\/10\/cascarita-gp1-mexico-pilotos-noticias-1.jpg\" alt=\"Gran Premio de M\u00e9xico\" srcset=\"http:\/\/desarrollo.grupomedios.com\/futbol\/wp-content\/uploads\/2016\/10\/cascarita-gp1-mexico-pilotos-noticias-1.jpg 858w, http:\/\/desarrollo.grupomedios.com\/futbol\/wp-content\/uploads\/2016\/10\/cascarita-gp1-mexico-pilotos-noticias-1-300x151.jpg 300w, http:\/\/desarrollo.grupomedios.com\/futbol\/wp-content\/uploads\/2016\/10\/cascarita-gp1-mexico-pilotos-noticias-1-768x386.jpg 768w, http:\/\/desarrollo.grupomedios.com\/futbol\/wp-content\/uploads\/2016\/10\/cascarita-gp1-mexico-pilotos-noticias-1-340x171.jpg 340w\" sizes=\"(max-width: 858px) 100vw, 858px\" \/><\/a><\/p>\n<p>Toda vez que termin\u00f3 el cotejo, el piloto mexicano, <strong>Sergio P\u00e9rez<\/strong> se dio tiempo para externar su ilusi\u00f3n por correr en el <strong>Gran Premio de M\u00e9xico<\/strong>, en el cual ve ciertas posibilidades de ingresar al podio.<\/p>\n<p>\u201cSe tiene que tomar en cuenta la diferencia de equipos, si no est\u00e1s en los tres primeros es muy dif\u00edcil ganar el campeonato mundial y si no tienes un coche como los de esas escuder\u00edas es muy complicado ganar carreras. Los que est\u00e1 arriba de m\u00ed es porque tienen mejores autos que el m\u00edo. Lo m\u00e1s especial viene el fin de semana en mi pa\u00eds. Despu\u00e9s quiero llegar a la meta en Abu Dhabi y asegurar el s\u00e9ptimo lugar para cerrar mi mejor temporada en la <strong>F\u00f3rmula 1<\/strong>\u201d, coment\u00f3 <em>Checo<\/em> ante medios de comunicaci\u00f3n.<\/p>\n<p><a href=\"https:\/\/www.futboltotal.com.mx\/wp-content\/uploads\/2016\/10\/cascarita-gp1-mexico-pilotos-noticias-2.jpg\"><img decoding=\"async\" loading=\"lazy\" class=\"alignnone size-full wp-image-438574\" src=\"https:\/\/www.futboltotal.com.mx\/wp-content\/uploads\/2016\/10\/cascarita-gp1-mexico-pilotos-noticias-2.jpg\" alt=\"Gran Premio de M\u00e9xico\" srcset=\"http:\/\/desarrollo.grupomedios.com\/futbol\/wp-content\/uploads\/2016\/10\/cascarita-gp1-mexico-pilotos-noticias-2.jpg 858w, http:\/\/desarrollo.grupomedios.com\/futbol\/wp-content\/uploads\/2016\/10\/cascarita-gp1-mexico-pilotos-noticias-2-300x151.jpg 300w, http:\/\/desarrollo.grupomedios.com\/futbol\/wp-content\/uploads\/2016\/10\/cascarita-gp1-mexico-pilotos-noticias-2-768x386.jpg 768w, http:\/\/desarrollo.grupomedios.com\/futbol\/wp-content\/uploads\/2016\/10\/cascarita-gp1-mexico-pilotos-noticias-2-340x171.jpg 340w\" sizes=\"(max-width: 858px) 100vw, 858px\" \/><\/a><\/p>\n<p>Por su parte, Esteban Guti\u00e9rrez espera que estar en casa le d\u00e9 la motivaci\u00f3n suficiente para consolidarse con su escuder\u00eda Haas.<\/p>\n<p>\u201cHa faltado el \u00faltimo paso para explotar todo mi potencial y para lograr la consolidaci\u00f3n del equipo, por eso no he tenido la oportunidad de estar en el top ten\u201d, extern\u00f3.<\/p>\n","protected":false},"excerpt":{"rendered":"<p>Carles Puyol estuvo entre los invitados de lujo<\/p>\n","protected":false},"author":20,"featured_media":438569,"comment_status":"closed","ping_status":"closed","sticky":false,"template":"","format":"standard","meta":[],"categories":[6411],"tags":[5461],"_links":{"self":[{"href":"http:\/\/desarrollo.grupomedios.com\/futbol\/wp-json\/wp\/v2\/posts\/438568"}],"collection":[{"href":"http:\/\/desarrollo.grupomedios.com\/futbol\/wp-json\/wp\/v2\/posts"}],"about":[{"href":"http:\/\/desarrollo.grupomedios.com\/futbol\/wp-json\/wp\/v2\/types\/post"}],"author":[{"embeddable":true,"href":"http:\/\/desarrollo.grupomedios.com\/futbol\/wp-json\/wp\/v2\/users\/20"}],"replies":[{"embeddable":true,"href":"http:\/\/desarrollo.grupomedios.com\/futbol\/wp-json\/wp\/v2\/comments?post=438568"}],"version-history":[{"count":0,"href":"http:\/\/desarrollo.grupomedios.com\/futbol\/wp-json\/wp\/v2\/posts\/438568\/revisions"}],"wp:featuredmedia":[{"embeddable":true,"href":"http:\/\/desarrollo.grupomedios.com\/futbol\/wp-json\/wp\/v2\/media\/438569"}],"wp:attachment":[{"href":"http:\/\/desarrollo.grupomedios.com\/futbol\/wp-json\/wp\/v2\/media?parent=438568"}],"wp:term":[{"taxonomy":"category","embeddable":true,"href":"http:\/\/desarrollo.grupomedios.com\/futbol\/wp-json\/wp\/v2\/categories?post=438568"},{"taxonomy":"post_tag","embeddable":true,"href":"http:\/\/desarrollo.grupomedios.com\/futbol\/wp-json\/wp\/v2\/tags?post=438568"}],"curies":[{"name":"wp","href":"https:\/\/api.w.org\/{rel}","templated":true}]}}