{"id":438584,"date":"2016-10-26T16:39:54","date_gmt":"2016-10-26T21:39:54","guid":{"rendered":"https:\/\/www.futboltotal.com.mx\/?p=438584"},"modified":"2016-10-26T16:39:54","modified_gmt":"2016-10-26T21:39:54","slug":"checo-perez-ve-dificil-subir-al-podio-en-gp-mexico","status":"publish","type":"post","link":"http:\/\/desarrollo.grupomedios.com\/futbol\/cambio-de-juego\/checo-perez-ve-dificil-subir-al-podio-en-gp-mexico\/2016\/10","title":{"rendered":"Checo P\u00e9rez ve dif\u00edcil subir al podio en GP de M\u00e9xico"},"content":{"rendered":"<p style=\"text-align: left;\">El mexicano <strong>Sergio &#8216;Checo&#8217; P\u00e9rez<\/strong> dijo hoy que ser\u00e1 dif\u00edcil que suba al podio en el <strong>Gran Premio de M\u00e9xico<\/strong> que se disputar\u00e1 este fin de semana, pero asegur\u00f3 que luchar\u00e1 por mejorar su actuaci\u00f3n del a\u00f1o pasado.<\/p>\n<p>&#8220;Seamos realistas, en condiciones normales, es imposible que eso pase (subir al podio)&#8221;, dijo <strong>P\u00e9rez<\/strong>, de la escuder\u00eda Force India.<\/p>\n<p>En una conferencia de prensa en la plazuela del Museo Soumaya en la Ciudad de M\u00e9xico, <strong>Checo<\/strong> explic\u00f3 que ahora tiene seis coches por delante y que por ello su meta es mejorar el octavo lugar que logr\u00f3 el a\u00f1o pasado.&#8221;En condiciones normales no lo veo posible. Tenemos seis autos por delante. Si hay alg\u00fan factor externo como lluvia&#8230;.&#8221; detall\u00f3.<\/p>\n<p style=\"text-align: center;\"><strong><span style=\"color: #3366ff;\">LEER M\u00c1S:\u00a0<a style=\"color: #3366ff;\" href=\"https:\/\/www.futboltotal.com.mx\/2016\/10\/en-africa-usan-magia-negra-campeones\/\">En \u00c1frica usan magia negra\u2026 \u00bfpara ser campeones?<\/a><\/span><\/strong><\/p>\n<p>P\u00e9rez termin\u00f3 en el octavo lugar en el <strong>Gran Premio de M\u00e9xico de 2015<\/strong>, que marc\u00f3 el regreso de este pa\u00eds al Mundial de Formula Uno. Dijo que le gustar\u00eda mucho que ese octavo puesto se convirtiera en un primero, pero que la realidad es diferente. No obstante, el mexicano reconoci\u00f3 que \u00e9l y su equipo tienen un gran a\u00f1o<\/p>\n<p>&#8220;Ha sido un a\u00f1o incre\u00edble si miras atr\u00e1s d\u00f3nde empezamos y d\u00f3nde estamos: estamos cuartos porque nos lo merecemos&#8221; se\u00f1al\u00f3.<\/p>\n<p><strong>P\u00e9rez<\/strong> resalt\u00f3 que su equipo ha trabajado fuerte y que lo mejor que puede suceder es asegurar su s\u00e9ptimo lugar en la clasificaci\u00f3n de pilotos y el cuarto para Force India en la de constructores.&#8221;Lo mejor ser\u00eda asegurar mi s\u00e9ptimo lugar lo que ser\u00eda mi mejor posici\u00f3n&#8221;, apostill\u00f3.<\/p>\n<blockquote class=\"twitter-tweet\" data-lang=\"es\">\n<p dir=\"ltr\" lang=\"und\">La <a href=\"https:\/\/twitter.com\/hashtag\/F1ESTA?src=hash\">#F1ESTA<\/a> comenz\u00f3! <a href=\"https:\/\/t.co\/ogsoIncvBX\">pic.twitter.com\/ogsoIncvBX<\/a><\/p>\n<p>\u2014 M\u00e9xico GP 2016 (@MexicoGP2016) <a href=\"https:\/\/twitter.com\/MexicoGP2016\/status\/791298932181577728\">26 de octubre de 2016<\/a><\/p><\/blockquote>\n<p><script async src=\"\/\/platform.twitter.com\/widgets.js\" charset=\"utf-8\"><\/script><\/p>\n<p><strong>P\u00e9rez<\/strong> dijo que eso quiere demostrarlo este domingo ante su p\u00fablico, que siempre le brinda su apoyo. &#8220;Esperaba mucho, pero lo que vi el a\u00f1o pasado fue cien veces m\u00e1s incre\u00edble&#8221;, destac\u00f3.<\/p>\n<p>Asegur\u00f3 que se siente a la altura de cualquier piloto de la F\u00f3rmula Uno: &#8220;A nivel de pilotos estoy a la altura de cualquiera siempre y cuando pudiera tener las mismas condiciones&#8221;.<\/p>\n<p><strong>P\u00e9rez<\/strong> y su equipo protagonizan la temporada m\u00e1s exitosa para la escuder\u00eda india, con dos podios y con posibilidad de terminar en cuarto lugar del campeonato de constructores.<\/p>\n<p style=\"text-align: center;\"><strong><span style=\"color: #3366ff;\">LEER M\u00c1S:\u00a0<a style=\"color: #3366ff;\" href=\"https:\/\/www.futboltotal.com.mx\/2016\/10\/repunte-carlos-vela-la-real-sociedad\/\">El repunte de Carlos Vela con la Real Sociedad<\/a><\/span><\/strong><\/p>\n<p>El mexicano llega al <strong>Gran Premio de M\u00e9xico<\/strong> de este fin de semana en la s\u00e9ptima posici\u00f3n de la clasificaci\u00f3n con 84 puntos, tres m\u00e1s que Valtery Bottas<\/p>\n<p>El <strong>Gran Premio de M\u00e9xico<\/strong> se desarrollar\u00e1 del 28 al 30 de octubre en el Aut\u00f3dromo Hermanos Rodr\u00edguez. EFE<\/p>\n","protected":false},"excerpt":{"rendered":"<p>El mexicano buscar\u00e1 alcanzar su mejor posici\u00f3n<\/p>\n","protected":false},"author":144,"featured_media":438589,"comment_status":"closed","ping_status":"closed","sticky":false,"template":"","format":"standard","meta":[],"categories":[5419],"tags":[5480,5493,6302],"_links":{"self":[{"href":"http:\/\/desarrollo.grupomedios.com\/futbol\/wp-json\/wp\/v2\/posts\/438584"}],"collection":[{"href":"http:\/\/desarrollo.grupomedios.com\/futbol\/wp-json\/wp\/v2\/posts"}],"about":[{"href":"http:\/\/desarrollo.grupomedios.com\/futbol\/wp-json\/wp\/v2\/types\/post"}],"author":[{"embeddable":true,"href":"http:\/\/desarrollo.grupomedios.com\/futbol\/wp-json\/wp\/v2\/users\/144"}],"replies":[{"embeddable":true,"href":"http:\/\/desarrollo.grupomedios.com\/futbol\/wp-json\/wp\/v2\/comments?post=438584"}],"version-history":[{"count":0,"href":"http:\/\/desarrollo.grupomedios.com\/futbol\/wp-json\/wp\/v2\/posts\/438584\/revisions"}],"wp:featuredmedia":[{"embeddable":true,"href":"http:\/\/desarrollo.grupomedios.com\/futbol\/wp-json\/wp\/v2\/media\/438589"}],"wp:attachment":[{"href":"http:\/\/desarrollo.grupomedios.com\/futbol\/wp-json\/wp\/v2\/media?parent=438584"}],"wp:term":[{"taxonomy":"category","embeddable":true,"href":"http:\/\/desarrollo.grupomedios.com\/futbol\/wp-json\/wp\/v2\/categories?post=438584"},{"taxonomy":"post_tag","embeddable":true,"href":"http:\/\/desarrollo.grupomedios.com\/futbol\/wp-json\/wp\/v2\/tags?post=438584"}],"curies":[{"name":"wp","href":"https:\/\/api.w.org\/{rel}","templated":true}]}}