{"id":438591,"date":"2016-10-26T16:54:31","date_gmt":"2016-10-26T21:54:31","guid":{"rendered":"https:\/\/www.futboltotal.com.mx\/?p=438591"},"modified":"2016-10-26T16:54:31","modified_gmt":"2016-10-26T21:54:31","slug":"el-problema-en-chiapas-son-los-jugadores-sergio-bueno","status":"publish","type":"post","link":"http:\/\/desarrollo.grupomedios.com\/futbol\/futbol-mexicano\/el-problema-en-chiapas-son-los-jugadores-sergio-bueno\/2016\/10","title":{"rendered":"El problema en Chiapas, son los jugadores: Bueno"},"content":{"rendered":"<p>El director t\u00e9cnico de <a href=\"http:\/\/futboltotal.com.mx\/equipos\/chiapas\/\" target=\"_blank\"><strong>Chiapas<\/strong><\/a>, <strong>Sergio Bueno<\/strong>, est\u00e1 alarmado por la situaci\u00f3n del equipo, pues se\u00f1ala que su plantel tiene un serio problema profesional, al no comprometerse, adem\u00e1s, el mal paso del equipo, no s\u00f3lo es en Primera Divisi\u00f3n.<\/p>\n<p>&#8220;Yo he hecho ver al plantel que a\u00fan con la problem\u00e1tica, el jugador debe buscar darle la vuelta a la situaci\u00f3n en la cancha. La falta de pagos no es la \u2018excusa perfecta\u2019 para no entrenar o no rendir, el jugador debe tener la madurez de olvidarse de la problem\u00e1tica en la cancha\u201d, indic\u00f3 <strong>Sergio Bueno<\/strong> en conferencia de prensa.<\/p>\n<p>\u201cCreemos que tenemos un equipo para ofrecer otros resultados, hace falta un compromiso y una exigencia que no hemos podido conseguir. Esto pasa en equipos que comienzan a pelear la parte baja: hay desinter\u00e9s, falta de confianza\u201d, a\u00f1adi\u00f3 el estratega.<\/p>\n<p style=\"text-align: center;\"><span style=\"color: #3366ff;\"><a style=\"color: #3366ff;\" href=\"https:\/\/www.futboltotal.com.mx\/2016\/10\/asi-se-jugaria-la-liguilla-del-apertura-2016\/\" target=\"_blank\"><strong>LEER M\u00c1S: Equipos sin posibilidades de liguilla<\/strong><\/a><\/span><\/p>\n<p>Adem\u00e1s, <strong>Sergio Bueno<\/strong> indica que en <strong>Chiapas,<\/strong> la situaci\u00f3n es tan alarmante, que el s\u00f3tano de la Liga MX no solamente se ve con la plantilla del primer equipo, tambi\u00e9n en las categor\u00edas con l\u00edmite de edad del <em>Jaguar<\/em>.<\/p>\n<p>&#8220;Hay alerta m\u00e1xima en Jaguares de <strong>Chiapas<\/strong>. Somos \u00faltimo lugar en primera, Sub-20, Segunda y Sub-17\u201d, concluy\u00f3 el estratega, que apenas hace un a\u00f1o fue suspendido de su cargo como entrenador en Cruz Azul.<\/p>\n","protected":false},"excerpt":{"rendered":"<p>El DT se\u00f1ala que tiene buen plantel pero falta de compromiso<\/p>\n","protected":false},"author":20,"featured_media":438593,"comment_status":"closed","ping_status":"closed","sticky":false,"template":"","format":"standard","meta":[],"categories":[2198,3845,5950],"tags":[5964],"_links":{"self":[{"href":"http:\/\/desarrollo.grupomedios.com\/futbol\/wp-json\/wp\/v2\/posts\/438591"}],"collection":[{"href":"http:\/\/desarrollo.grupomedios.com\/futbol\/wp-json\/wp\/v2\/posts"}],"about":[{"href":"http:\/\/desarrollo.grupomedios.com\/futbol\/wp-json\/wp\/v2\/types\/post"}],"author":[{"embeddable":true,"href":"http:\/\/desarrollo.grupomedios.com\/futbol\/wp-json\/wp\/v2\/users\/20"}],"replies":[{"embeddable":true,"href":"http:\/\/desarrollo.grupomedios.com\/futbol\/wp-json\/wp\/v2\/comments?post=438591"}],"version-history":[{"count":0,"href":"http:\/\/desarrollo.grupomedios.com\/futbol\/wp-json\/wp\/v2\/posts\/438591\/revisions"}],"wp:featuredmedia":[{"embeddable":true,"href":"http:\/\/desarrollo.grupomedios.com\/futbol\/wp-json\/wp\/v2\/media\/438593"}],"wp:attachment":[{"href":"http:\/\/desarrollo.grupomedios.com\/futbol\/wp-json\/wp\/v2\/media?parent=438591"}],"wp:term":[{"taxonomy":"category","embeddable":true,"href":"http:\/\/desarrollo.grupomedios.com\/futbol\/wp-json\/wp\/v2\/categories?post=438591"},{"taxonomy":"post_tag","embeddable":true,"href":"http:\/\/desarrollo.grupomedios.com\/futbol\/wp-json\/wp\/v2\/tags?post=438591"}],"curies":[{"name":"wp","href":"https:\/\/api.w.org\/{rel}","templated":true}]}}