{"id":438632,"date":"2016-10-26T19:27:55","date_gmt":"2016-10-27T00:27:55","guid":{"rendered":"https:\/\/www.futboltotal.com.mx\/?p=438632"},"modified":"2016-10-26T19:27:55","modified_gmt":"2016-10-27T00:27:55","slug":"atalanta-en-la-mira-a-joya-del-morelia","status":"publish","type":"post","link":"http:\/\/desarrollo.grupomedios.com\/futbol\/futbol-mexicano\/atalanta-en-la-mira-a-joya-del-morelia\/2016\/10","title":{"rendered":"Atalanta tendr\u00eda en la mira a \u201cjoya\u201d del Morelia"},"content":{"rendered":"<p>Con la salida de Enrique Meza, en <a href=\"http:\/\/futboltotal.com.mx\/equipos\/morelia\/\" target=\"_blank\"><strong>Morelia<\/strong><\/a> se vislumbran varios cambios de cara al Clausura 2017, pero no todos ser\u00edan porque los jugadores no funcionaron, ya que el club podr\u00eda recibir una oferta por el chileno <strong>Diego V\u00e1ldes<\/strong>.<\/p>\n<p>De acuerdo con el periodista italiano Gianluca Di Marzio, <strong>Atalanta<\/strong>\u00a0tendr\u00eda en la mira al mediocampista andino, quien apenas tiene 22 a\u00f1os de edad.<\/p>\n<p><a href=\"https:\/\/www.futboltotal.com.mx\/wp-content\/uploads\/2016\/10\/morelia-diego-valdez-atalanta-serie-a-fichaje-1.png\"><img decoding=\"async\" loading=\"lazy\" class=\"alignnone size-full wp-image-438634\" src=\"https:\/\/www.futboltotal.com.mx\/wp-content\/uploads\/2016\/10\/morelia-diego-valdez-atalanta-serie-a-fichaje-1.png\" alt=\"Morelia\" srcset=\"http:\/\/desarrollo.grupomedios.com\/futbol\/wp-content\/uploads\/2016\/10\/morelia-diego-valdez-atalanta-serie-a-fichaje-1.png 647w, http:\/\/desarrollo.grupomedios.com\/futbol\/wp-content\/uploads\/2016\/10\/morelia-diego-valdez-atalanta-serie-a-fichaje-1-300x218.png 300w\" sizes=\"(max-width: 647px) 100vw, 647px\" \/><\/a><\/p>\n<p><strong>Diego V\u00e1ldes<\/strong> lleg\u00f3 procedente del Audax Italiano, con <strong>Morelia<\/strong> suma 961 minutos en la Liga MX, adem\u00e1s de tres anotaciones.<\/p>\n<p><span style=\"color: #ff0000;\"><strong>VIDEO<\/strong>: Agenda de TV de la jornada 15<\/span><br \/>\n[video_player]https:\/\/player.vimeo.com\/external\/189040062.sd.mp4?s=646279edca4e79fd28e39d3f62071d5c0c2610a7&amp;profile_id=165[\/video_player]<\/p>\n","protected":false},"excerpt":{"rendered":"<p>Diego V\u00e1ldes podr\u00eda ir a la Serie A<\/p>\n","protected":false},"author":20,"featured_media":438635,"comment_status":"closed","ping_status":"closed","sticky":false,"template":"","format":"standard","meta":[],"categories":[2198,3845,5950],"tags":[5967],"_links":{"self":[{"href":"http:\/\/desarrollo.grupomedios.com\/futbol\/wp-json\/wp\/v2\/posts\/438632"}],"collection":[{"href":"http:\/\/desarrollo.grupomedios.com\/futbol\/wp-json\/wp\/v2\/posts"}],"about":[{"href":"http:\/\/desarrollo.grupomedios.com\/futbol\/wp-json\/wp\/v2\/types\/post"}],"author":[{"embeddable":true,"href":"http:\/\/desarrollo.grupomedios.com\/futbol\/wp-json\/wp\/v2\/users\/20"}],"replies":[{"embeddable":true,"href":"http:\/\/desarrollo.grupomedios.com\/futbol\/wp-json\/wp\/v2\/comments?post=438632"}],"version-history":[{"count":0,"href":"http:\/\/desarrollo.grupomedios.com\/futbol\/wp-json\/wp\/v2\/posts\/438632\/revisions"}],"wp:featuredmedia":[{"embeddable":true,"href":"http:\/\/desarrollo.grupomedios.com\/futbol\/wp-json\/wp\/v2\/media\/438635"}],"wp:attachment":[{"href":"http:\/\/desarrollo.grupomedios.com\/futbol\/wp-json\/wp\/v2\/media?parent=438632"}],"wp:term":[{"taxonomy":"category","embeddable":true,"href":"http:\/\/desarrollo.grupomedios.com\/futbol\/wp-json\/wp\/v2\/categories?post=438632"},{"taxonomy":"post_tag","embeddable":true,"href":"http:\/\/desarrollo.grupomedios.com\/futbol\/wp-json\/wp\/v2\/tags?post=438632"}],"curies":[{"name":"wp","href":"https:\/\/api.w.org\/{rel}","templated":true}]}}