{"id":438637,"date":"2016-10-29T18:49:04","date_gmt":"2016-10-29T23:49:04","guid":{"rendered":"https:\/\/www.futboltotal.com.mx\/?p=438637"},"modified":"2016-10-29T21:54:02","modified_gmt":"2016-10-30T02:54:02","slug":"en-vivo-pachuca-vs-atlas-liga-mx-2","status":"publish","type":"post","link":"http:\/\/desarrollo.grupomedios.com\/futbol\/futbol-mexicano\/en-vivo-pachuca-vs-atlas-liga-mx-2\/2016\/10","title":{"rendered":"AS\u00cd SE VIVI\u00d3 | Pachuca vs Atlas | Liga MX"},"content":{"rendered":"<p><a class=\"twitter-timeline\" href=\"https:\/\/twitter.com\/search?q=from%3ATuzos%2C%20OR%20from%3Aatlasfc\" data-widget-id=\"792514335155249152\">Tweets sobre from:Tuzos, OR from:atlasfc<\/a><br \/>\n<script>!function(d,s,id){var js,fjs=d.getElementsByTagName(s)[0],p=\/^http:\/.test(d.location)?'http':'https';if(!d.getElementById(id)){js=d.createElement(s);js.id=id;js.src=p+\":\/\/platform.twitter.com\/widgets.js\";fjs.parentNode.insertBefore(js,fjs);}}(document,\"script\",\"twitter-wjs\");<\/script><\/p>\n<p>Para la <strong>jornada 15 del Apertura 2016<\/strong>, <a href=\"http:\/\/futboltotal.com.mx\/equipos\/pachuca\/\" target=\"_blank\"><strong>Pachuca<\/strong><\/a> puede quitarse presi\u00f3n y conseguir su boleto a Liguilla, para eso deber\u00e1 vencer al <a href=\"http:\/\/futboltotal.com.mx\/equipos\/atlas\/\" target=\"_blank\"><strong>Atlas<\/strong><\/a>, que por su parte a\u00fan sue\u00f1a con el milagro de colarse a la siguiente fase, aunque se ve complicado al medirse con el vigente campe\u00f3n.<\/p>\n<p>El Estadio Hidalgo servir\u00e1 como escenario para que las acciones comiencen desde las 19:00 horas de este s\u00e1bado, tiempo donde los Zorros tienen la obligaci\u00f3n de la haza\u00f1a para seguir con vida en el torneo y evitar un prematuro despido del certamen.<\/p>\n<p>&#8220;Es importante sumar de a tres puntos de aqu\u00ed al cierre del torneo, porque nosotros tenemos aspiraciones e ilusiones de pasar a la liguilla. Aunque ellos ya est\u00e9n en zona de clasificaci\u00f3n van a buscar a ganar, son un equipo muy din\u00e1mico, que aprovecha su condici\u00f3n de local&#8221;, coment\u00f3 el volante del <strong>Atlas<\/strong>, Uriel \u00c1lvarez.<\/p>\n<p><strong>Pachuca<\/strong> ha tenido un semestre de ensue\u00f1o, ya que en ning\u00fan momento sufri\u00f3 la \u201ccampeonitis\u201d y desde el inicio advirti\u00f3 que ser\u00eda un rival digno de pelear por el t\u00edtulo y as\u00ed entrar al selecto grupo de Pumas y Le\u00f3n que se han coronado dos justas consecutivas en torneos cortos.<\/p>\n<p>\u00bfCu\u00e1l es tu pron\u00f3stico para el <strong>Pachuca vs Atlas<\/strong>, <em>crack<\/em>?<\/p>\n<p><strong>S\u00edguenos en Twitter<\/strong>: <a href=\"https:\/\/twitter.com\/MXFutbolTotal\" target=\"_blank\">@MXFutbolTotal<\/a><\/p>\n<p>&nbsp;<\/p>\n","protected":false},"excerpt":{"rendered":"<p>Los Tuzos ya est\u00e1n en la Fiesta Grande<\/p>\n","protected":false},"author":20,"featured_media":438638,"comment_status":"closed","ping_status":"closed","sticky":false,"template":"","format":"standard","meta":[],"categories":[2198,3845],"tags":[],"_links":{"self":[{"href":"http:\/\/desarrollo.grupomedios.com\/futbol\/wp-json\/wp\/v2\/posts\/438637"}],"collection":[{"href":"http:\/\/desarrollo.grupomedios.com\/futbol\/wp-json\/wp\/v2\/posts"}],"about":[{"href":"http:\/\/desarrollo.grupomedios.com\/futbol\/wp-json\/wp\/v2\/types\/post"}],"author":[{"embeddable":true,"href":"http:\/\/desarrollo.grupomedios.com\/futbol\/wp-json\/wp\/v2\/users\/20"}],"replies":[{"embeddable":true,"href":"http:\/\/desarrollo.grupomedios.com\/futbol\/wp-json\/wp\/v2\/comments?post=438637"}],"version-history":[{"count":0,"href":"http:\/\/desarrollo.grupomedios.com\/futbol\/wp-json\/wp\/v2\/posts\/438637\/revisions"}],"wp:featuredmedia":[{"embeddable":true,"href":"http:\/\/desarrollo.grupomedios.com\/futbol\/wp-json\/wp\/v2\/media\/438638"}],"wp:attachment":[{"href":"http:\/\/desarrollo.grupomedios.com\/futbol\/wp-json\/wp\/v2\/media?parent=438637"}],"wp:term":[{"taxonomy":"category","embeddable":true,"href":"http:\/\/desarrollo.grupomedios.com\/futbol\/wp-json\/wp\/v2\/categories?post=438637"},{"taxonomy":"post_tag","embeddable":true,"href":"http:\/\/desarrollo.grupomedios.com\/futbol\/wp-json\/wp\/v2\/tags?post=438637"}],"curies":[{"name":"wp","href":"https:\/\/api.w.org\/{rel}","templated":true}]}}