{"id":438641,"date":"2016-10-26T20:05:24","date_gmt":"2016-10-27T01:05:24","guid":{"rendered":"https:\/\/www.futboltotal.com.mx\/?p=438641"},"modified":"2016-10-26T20:08:36","modified_gmt":"2016-10-27T01:08:36","slug":"francisco-palencia-puma-corazon","status":"publish","type":"post","link":"http:\/\/desarrollo.grupomedios.com\/futbol\/futbol-mexicano\/francisco-palencia-puma-corazon\/2016\/10","title":{"rendered":"Francisco Palencia es Puma de coraz\u00f3n"},"content":{"rendered":"<p>El actual director t\u00e9cnico de los <a href=\"http:\/\/futboltotal.com.mx\/equipos\/unam\/\" target=\"_blank\"><strong>Pumas<\/strong><\/a>, <strong>Francisco Palencia<\/strong> revel\u00f3 que el equipo de sus amores, es el conjunto que actual dirige, pues el apoyo que le brind\u00f3 la afici\u00f3n y hasta comunidad universitaria, desde que era futbolista, hicieron que se enamorara del club.<\/p>\n<p>\u201cSi no fuera el equipo de mis amores, no estar\u00eda aqu\u00ed. Soy Puma por convicci\u00f3n\u201d, revel\u00f3 <strong>Francisco Palencia<\/strong>, en evento realizado en Ciudad Universitaria.<\/p>\n<blockquote class=\"twitter-tweet\" data-lang=\"es\">\n<p dir=\"ltr\" lang=\"es\">El Esp\u00edritu Universitario es nunca rendirse, dice Francisco Palencia a estudiantes de la UNAM.<a href=\"https:\/\/twitter.com\/hashtag\/SoyDePumas?src=hash\">#SoyDePumas<\/a><a href=\"https:\/\/t.co\/BFE0MESv3A\">https:\/\/t.co\/BFE0MESv3A<\/a> <a href=\"https:\/\/t.co\/WnQNLcbPoo\">pic.twitter.com\/WnQNLcbPoo<\/a><\/p>\n<p>\u2014 PUMAS (@PumasMX) <a href=\"https:\/\/twitter.com\/PumasMX\/status\/791397455963095041\">26 de octubre de 2016<\/a><\/p><\/blockquote>\n<p><script async src=\"\/\/platform.twitter.com\/widgets.js\" charset=\"utf-8\"><\/script><\/p>\n<p>El estratega tambi\u00e9n explic\u00f3 c\u00f3mo fue que <strong>Pumas<\/strong> se gan\u00f3 su coraz\u00f3n, por encima de otros clubes como Cruz Azul, donde milit\u00f3 e hizo historia, al pertenecer al \u00faltimo plantel que hizo campe\u00f3n a la <em>M\u00e1quina<\/em>.<\/p>\n<p style=\"text-align: center;\"><span style=\"color: #3366ff;\"><a style=\"color: #3366ff;\" href=\"https:\/\/www.futboltotal.com.mx\/2016\/10\/en-vivo-america-vs-chivas-copa-mx\/\" target=\"_blank\"><strong>LEER M\u00c1S: Se define al segundo finalista de la Copa MX<\/strong><\/a><\/span><\/p>\n<p>\u201cDesde el principio me arrop\u00f3 la comunidad universitaria. Es intenso jugar en este estadio y ser campe\u00f3n aqu\u00ed es lo m\u00e1ximo; es muy diferente pasar y recorrer las facultades con el apoyo a tope de los estudiantes, y eso no lo tiene ning\u00fan club, ni Chivas, ni Cruz Azul, menos Am\u00e9rica\u201d, concluy\u00f3.<\/p>\n","protected":false},"excerpt":{"rendered":"<p>El Gatillero revela por qu\u00e9 se enamor\u00f3 de los colores auriazules<\/p>\n","protected":false},"author":20,"featured_media":438642,"comment_status":"closed","ping_status":"closed","sticky":false,"template":"","format":"standard","meta":[],"categories":[2198,3845,5950],"tags":[1449,74],"_links":{"self":[{"href":"http:\/\/desarrollo.grupomedios.com\/futbol\/wp-json\/wp\/v2\/posts\/438641"}],"collection":[{"href":"http:\/\/desarrollo.grupomedios.com\/futbol\/wp-json\/wp\/v2\/posts"}],"about":[{"href":"http:\/\/desarrollo.grupomedios.com\/futbol\/wp-json\/wp\/v2\/types\/post"}],"author":[{"embeddable":true,"href":"http:\/\/desarrollo.grupomedios.com\/futbol\/wp-json\/wp\/v2\/users\/20"}],"replies":[{"embeddable":true,"href":"http:\/\/desarrollo.grupomedios.com\/futbol\/wp-json\/wp\/v2\/comments?post=438641"}],"version-history":[{"count":0,"href":"http:\/\/desarrollo.grupomedios.com\/futbol\/wp-json\/wp\/v2\/posts\/438641\/revisions"}],"wp:featuredmedia":[{"embeddable":true,"href":"http:\/\/desarrollo.grupomedios.com\/futbol\/wp-json\/wp\/v2\/media\/438642"}],"wp:attachment":[{"href":"http:\/\/desarrollo.grupomedios.com\/futbol\/wp-json\/wp\/v2\/media?parent=438641"}],"wp:term":[{"taxonomy":"category","embeddable":true,"href":"http:\/\/desarrollo.grupomedios.com\/futbol\/wp-json\/wp\/v2\/categories?post=438641"},{"taxonomy":"post_tag","embeddable":true,"href":"http:\/\/desarrollo.grupomedios.com\/futbol\/wp-json\/wp\/v2\/tags?post=438641"}],"curies":[{"name":"wp","href":"https:\/\/api.w.org\/{rel}","templated":true}]}}