{"id":438782,"date":"2016-10-27T08:55:38","date_gmt":"2016-10-27T13:55:38","guid":{"rendered":"https:\/\/www.futboltotal.com.mx\/?p=438782"},"modified":"2016-10-27T08:55:38","modified_gmt":"2016-10-27T13:55:38","slug":"cristiano-ronaldo-asegura-necesito-me-odien","status":"publish","type":"post","link":"http:\/\/desarrollo.grupomedios.com\/futbol\/futbol-internacional\/cristiano-ronaldo-asegura-necesito-me-odien\/2016\/10","title":{"rendered":"Cristiano Ronaldo confiesa que necesita ser odiado"},"content":{"rendered":"<p>Por una u otra raz\u00f3n, <strong>Cristiano<\/strong> Ronaldo ocupa siempre importantes espacios en los medios de comunicaci\u00f3n. Sea por una actuaci\u00f3n espectacular, por un berrinche o por una reacci\u00f3n misteriosa, <em>CR7<\/em> est\u00e1 siempre en la prensa. Es un personaje pol\u00e9mico, que lo mismo despierta admiraci\u00f3n que atrae ataques.<\/p>\n<p>En esta ocasi\u00f3n, <strong>Cristiano<\/strong> ha concedido una entrevista a la revista Coach Magazine en la que ha hablado sobre uno de los temas con los que m\u00e1s suele relacion\u00e1rsele: sus <em>haters<\/em>.<\/p>\n<p style=\"text-align: center;\"><a href=\"https:\/\/www.futboltotal.com.mx\/2016\/10\/cristiano-molesto-gol-morata\/\" target=\"_blank\"><span style=\"color: #3366ff;\"><strong>LEER M\u00c1S:\u00a0Cristiano, \u00bfmolesto por gol de Morata?<\/strong><\/span><\/a><\/p>\n<p>Y si las personas que odian al atacante del Real Madrid cre\u00edan que consiguen afectar su confianza o influir de manera negativa en su desempe\u00f1o, se llevar\u00e1n una decepci\u00f3n cuando sepan lo que <strong>Cristiano<\/strong> dijo sobre el tema.<\/p>\n<p>\u201cUso a las personas negativas para motivarme. En realidad necesito a la gente que me odia, ellos me han ayudado a alcanzar todo lo que he logrado\u201d, dijo el goleador portugu\u00e9s.<\/p>\n<p style=\"text-align: center;\"><a href=\"https:\/\/www.futboltotal.com.mx\/2016\/10\/zidane-no-me-preocupa-que-cristiano-no-anote\/\" target=\"_blank\"><span style=\"color: #3366ff;\"><strong>LEER M\u00c1S: Zidane asegura: &#8220;No me preocupa que Cristiano no anote&#8221;<\/strong><\/span><\/a><\/p>\n<p>Adem\u00e1s, habl\u00f3 sobre dos de los entrenadores que m\u00e1s han marcado su carrera: Sir Alex Ferguson y Jos\u00e9 Mourinho. \u201cVeo a Ferguson como a una figura paterna -dijo <strong>Cristiano<\/strong>-. Cuando llegu\u00e9 al United era un ni\u00f1o. Llegu\u00e9 a uno de los clubes m\u00e1s grandes del mundo y ah\u00ed estaba Sir Alex\u201d.<\/p>\n<p>Sobre <em>Mou<\/em>, declar\u00f3: \u201cHe jugado para muchos entrenadores, pero Mourinho fue el gran pensador. Estudiaba todo al m\u00ednimo detalle\u201d.<\/p>\n<p style=\"text-align: center;\"><a href=\"https:\/\/www.futboltotal.com.mx\/2016\/10\/mourinho-asegura-vida-en-manchester-desastre\/\" target=\"_blank\"><span style=\"color: #3366ff;\"><strong>LEER M\u00c1S: Mourinho asegura que su vida en Manchester &#8220;es un desastre&#8221;<\/strong><\/span><\/a><\/p>\n<p>Y tambi\u00e9n toc\u00f3 un punto que resulta inevitable: Lionel Messi: \u201cHay un respeto mutuo con Messi. Los medios venden una gran rivalidad, pero no la tenemos. No somos buenos amigos, pero hay respeto por ambas partes\u201d.<\/p>\n","protected":false},"excerpt":{"rendered":"<p>CR7 declar\u00f3 en una entrevista que sus haters son sus motivadores. Adem\u00e1s, habl\u00f3 de su relaci\u00f3n con Lionel Messi.<\/p>\n","protected":false},"author":20,"featured_media":421548,"comment_status":"closed","ping_status":"closed","sticky":false,"template":"","format":"standard","meta":[],"categories":[3839,3844,5951],"tags":[1496,6013,2529,2048,1484,5988],"_links":{"self":[{"href":"http:\/\/desarrollo.grupomedios.com\/futbol\/wp-json\/wp\/v2\/posts\/438782"}],"collection":[{"href":"http:\/\/desarrollo.grupomedios.com\/futbol\/wp-json\/wp\/v2\/posts"}],"about":[{"href":"http:\/\/desarrollo.grupomedios.com\/futbol\/wp-json\/wp\/v2\/types\/post"}],"author":[{"embeddable":true,"href":"http:\/\/desarrollo.grupomedios.com\/futbol\/wp-json\/wp\/v2\/users\/20"}],"replies":[{"embeddable":true,"href":"http:\/\/desarrollo.grupomedios.com\/futbol\/wp-json\/wp\/v2\/comments?post=438782"}],"version-history":[{"count":0,"href":"http:\/\/desarrollo.grupomedios.com\/futbol\/wp-json\/wp\/v2\/posts\/438782\/revisions"}],"wp:featuredmedia":[{"embeddable":true,"href":"http:\/\/desarrollo.grupomedios.com\/futbol\/wp-json\/wp\/v2\/media\/421548"}],"wp:attachment":[{"href":"http:\/\/desarrollo.grupomedios.com\/futbol\/wp-json\/wp\/v2\/media?parent=438782"}],"wp:term":[{"taxonomy":"category","embeddable":true,"href":"http:\/\/desarrollo.grupomedios.com\/futbol\/wp-json\/wp\/v2\/categories?post=438782"},{"taxonomy":"post_tag","embeddable":true,"href":"http:\/\/desarrollo.grupomedios.com\/futbol\/wp-json\/wp\/v2\/tags?post=438782"}],"curies":[{"name":"wp","href":"https:\/\/api.w.org\/{rel}","templated":true}]}}