{"id":438784,"date":"2016-10-27T09:45:25","date_gmt":"2016-10-27T14:45:25","guid":{"rendered":"https:\/\/www.futboltotal.com.mx\/?p=438784"},"modified":"2016-10-27T09:45:25","modified_gmt":"2016-10-27T14:45:25","slug":"zubizarreta-nuevo-director-deportivo-del-marsella","status":"publish","type":"post","link":"http:\/\/desarrollo.grupomedios.com\/futbol\/futbol-internacional\/zubizarreta-nuevo-director-deportivo-del-marsella\/2016\/10","title":{"rendered":"Zubizarreta es el nuevo director deportivo del Marsella"},"content":{"rendered":"<p>El exportero espa\u00f1ol <strong>Andoni Zubizarreta<\/strong> fue presentado como nuevo director deportivo del club franc\u00e9s Olympique de Marsella, puesto en el que tuvo experiencia previa con los clubes espa\u00f1oles Barcelona entre 2010 y 2015 y Athletic de Bilbao entre 2001 y 2004.<\/p>\n<blockquote class=\"twitter-tweet\" data-width=\"500\">\n<p lang=\"es\" dir=\"ltr\">Andoni Zubizarreta: &quot;Feliz de llegar a un club con tanta personalidad como el OM. Espero estar a la altura del cargo.&quot; <a href=\"https:\/\/t.co\/TiX9AyAxKZ\">pic.twitter.com\/TiX9AyAxKZ<\/a><\/p>\n<p>&mdash; Olympique Marseille (@OM_Espanol) <a href=\"https:\/\/twitter.com\/OM_Espanol\/status\/791605407500365825\">October 27, 2016<\/a><\/p><\/blockquote>\n<p><script async src=\"\/\/platform.twitter.com\/widgets.js\" charset=\"utf-8\"><\/script><\/p>\n<p>El exportero del Barcelona y del Athletic\u00a0 fue presentado oficialmente por el presidente del equipo franc\u00e9s, Jacques-Henri Eyraud, para ocupar el lugar de Gunter Jacob, quien fue destituido. La llegada del ib\u00e9rico es la segunda gran contrataci\u00f3n del nuevo propietario del Olympique de Marsella, el multimillonario estadounidense Frank McCourt, quien antes hab\u00eda fichado al director t\u00e9cnico franc\u00e9s Rudi Garc\u00eda en reemplazo de su compatriota Frank Passi, un hombre de la casa que se hizo con las riendas del banquillo tras el despido a finales de la pasada temporada del espa\u00f1ol Miguel Gonz\u00e1lez <em>M\u00edchel<\/em>.<\/p>\n<p>El principal objetivo de Andoni Zubizarreta, de 55 a\u00f1os de edad, ser\u00e1 levantar a un club que ha tenido poco \u00e9xito deportivo en las \u00faltimas temporadas. Para ello tendr\u00e1 a disposici\u00f3n 200 millones de euros con los cuales podr\u00e1 reforzar la plantilla de un equipo que pretende rivalizar con el poderoso Par\u00eds Saint-Germain. &#8220;Marsella tiene un gran coraz\u00f3n, un gran alma futbol\u00edstico, al igual que el Athletic de Bilbao y el Barcelona. En Marsella hay una gran pasi\u00f3n en los aficionados, es una gran oportunidad para mi&#8221;, extern\u00f3 Zubizarreta en franc\u00e9s.<\/p>\n<p style=\"text-align: center;\"><span style=\"color: #3366ff;\"><a style=\"color: #3366ff;\" href=\"https:\/\/www.futboltotal.com.mx\/2016\/10\/marco-fabian-suena-ganar-balon-oro\/\">LEER M\u00c1S: Marco Fabi\u00e1n sue\u00f1a con ganar el Bal\u00f3n de Oro<\/a><\/span><\/p>\n<p>El director deportivo espa\u00f1ol cont\u00f3 que ya sostuvo una reuni\u00f3n con Rudi Garc\u00eda para tratar la filosof\u00eda que pondr\u00e1n en marcha en el Marsella. &#8220;En el futbol no est\u00e1 solo la parte visible de la t\u00e9cnica. Hay que sentirlo para entenderlo. Para mi el Marsella es un club en el que todo huele a futbol. Es el futbol, la pasi\u00f3n, la emoci\u00f3n y el juego&#8221;, indic\u00f3.<\/p>\n","protected":false},"excerpt":{"rendered":"<p>A Zubizarreta le prometieron que tendr\u00e1 manos libres para elegir los fichajes del equipo.<\/p>\n","protected":false},"author":127,"featured_media":438788,"comment_status":"closed","ping_status":"closed","sticky":false,"template":"","format":"standard","meta":[],"categories":[3839,7521,5951],"tags":[2451,7469],"_links":{"self":[{"href":"http:\/\/desarrollo.grupomedios.com\/futbol\/wp-json\/wp\/v2\/posts\/438784"}],"collection":[{"href":"http:\/\/desarrollo.grupomedios.com\/futbol\/wp-json\/wp\/v2\/posts"}],"about":[{"href":"http:\/\/desarrollo.grupomedios.com\/futbol\/wp-json\/wp\/v2\/types\/post"}],"author":[{"embeddable":true,"href":"http:\/\/desarrollo.grupomedios.com\/futbol\/wp-json\/wp\/v2\/users\/127"}],"replies":[{"embeddable":true,"href":"http:\/\/desarrollo.grupomedios.com\/futbol\/wp-json\/wp\/v2\/comments?post=438784"}],"version-history":[{"count":0,"href":"http:\/\/desarrollo.grupomedios.com\/futbol\/wp-json\/wp\/v2\/posts\/438784\/revisions"}],"wp:featuredmedia":[{"embeddable":true,"href":"http:\/\/desarrollo.grupomedios.com\/futbol\/wp-json\/wp\/v2\/media\/438788"}],"wp:attachment":[{"href":"http:\/\/desarrollo.grupomedios.com\/futbol\/wp-json\/wp\/v2\/media?parent=438784"}],"wp:term":[{"taxonomy":"category","embeddable":true,"href":"http:\/\/desarrollo.grupomedios.com\/futbol\/wp-json\/wp\/v2\/categories?post=438784"},{"taxonomy":"post_tag","embeddable":true,"href":"http:\/\/desarrollo.grupomedios.com\/futbol\/wp-json\/wp\/v2\/tags?post=438784"}],"curies":[{"name":"wp","href":"https:\/\/api.w.org\/{rel}","templated":true}]}}