{"id":438787,"date":"2016-10-27T10:10:13","date_gmt":"2016-10-27T15:10:13","guid":{"rendered":"https:\/\/www.futboltotal.com.mx\/?p=438787"},"modified":"2016-10-27T10:45:20","modified_gmt":"2016-10-27T15:45:20","slug":"la-cdmx-sede-del-primer-hincha-film-fest","status":"publish","type":"post","link":"http:\/\/desarrollo.grupomedios.com\/futbol\/no-todo-es-futbol\/la-cdmx-sede-del-primer-hincha-film-fest\/2016\/10","title":{"rendered":"Rosique presenta el primer HINCHA! FILM FEST"},"content":{"rendered":"<p>Durante cuatro d\u00edas, la Ciudad de M\u00e9xico ser\u00e1 la sede del primer HINCHA! FILM FEST, que reunir\u00e1 14 pel\u00edculas que giran en torno al deporte.<\/p>\n<p>El periodista Antonio <strong>Rosique<\/strong>, colaborador de Futbol Total, es el responsable de este evento, que tendr\u00e1 lugar en el Cine Tonal\u00e1, centro cultural ubicado en la colonia Roma, en el n\u00famero 261 de la calle Tonal\u00e1. El festival se realizar\u00e1 del jueves 17 al domingo 20 de noviembre.<\/p>\n<blockquote class=\"twitter-tweet\" data-lang=\"es\">\n<p dir=\"ltr\" lang=\"es\">4 d\u00edas de cine<br \/>\n14 pel\u00edculas<br \/>\n8 pa\u00edses<br \/>\nMaradona<br \/>\nGascoigne<br \/>\nOl\u00edmpicos<br \/>\nAlpinismo<br \/>\nTiburones<a href=\"https:\/\/t.co\/0wHOuGdnfw\">https:\/\/t.co\/0wHOuGdnfw<\/a> <a href=\"https:\/\/t.co\/BaayDtjZIK\">https:\/\/t.co\/BaayDtjZIK<\/a> <a href=\"https:\/\/t.co\/0MHGeM7HKl\">pic.twitter.com\/0MHGeM7HKl<\/a><\/p>\n<p>\u2014 Antonio Rosique (@Antonio_Rosique) <a href=\"https:\/\/twitter.com\/Antonio_Rosique\/status\/784787763841208320\">8 de octubre de 2016<\/a><\/p><\/blockquote>\n<p><script async src=\"\/\/platform.twitter.com\/widgets.js\" charset=\"utf-8\"><\/script><\/p>\n<p>En el sitio oficial del evento (hinchafilmfest.com), <strong>Rosique<\/strong>\u00a0explica el porqu\u00e9 la capital de la rep\u00fablica fue elegida como sede: \u201cM\u00e9xico es una ciudad apasionada por el deporte. Hemos sido anfitriones de los Juegos Ol\u00edmpicos y de dos Copas del Mundo. Cada a\u00f1o somos anfitriones de la F\u00f3rmula 1, la NBA, NFL, MLB, entre otros grandes eventos\u201d.<\/p>\n<p>Son seis largometrajes y ocho cortos los que componen la primera selecci\u00f3n oficial del HINCHA! FILM FEST, provenientes de ocho pa\u00edses distintos, como explica en la p\u00e1gina del festival .<\/p>\n<p style=\"text-align: center;\"><a href=\"https:\/\/www.futboltotal.com.mx\/2016\/05\/expedicion-rosique-ultimo-latido-del-coloso\/\" target=\"_blank\"><span style=\"color: #3366ff;\"><strong>LEER M\u00c1S: Expedici\u00f3n Rosique: El \u00faltimo latido del Coloso<\/strong><\/span><\/a><\/p>\n<p>Cintas como Gascoigne (acerca de la vida del ex futbolista ingl\u00e9s) y 1986, la historia detr\u00e1s de la Copa (sobre el triunfo de la selecci\u00f3n argentina en el Mundial de M\u00e9xico), estar\u00e1n en el HINCHA! FILM FEST, organizado por Antonio <strong>Rosique<\/strong>.<\/p>\n<p>Para m\u00e1s informaci\u00f3n, pueden consultar la p\u00e1gina oficial del festival <a href=\"http:\/\/www.hinchafilmfest.com\/\" target=\"_blank\">aqu\u00ed<\/a>. Este es el trailer oficial del festival.<\/p>\n<p><iframe loading=\"lazy\" src=\"https:\/\/www.youtube.com\/embed\/SBdx6QN_zWA\" frameborder=\"0\" allowfullscreen=\"allowfullscreen\"><\/iframe><\/p>\n","protected":false},"excerpt":{"rendered":"<p>La CDMX ser\u00e1 sede del primer festival HINCHA! FILM FEST, del 17 al 20 de noviembre<\/p>\n","protected":false},"author":20,"featured_media":438796,"comment_status":"closed","ping_status":"closed","sticky":false,"template":"","format":"standard","meta":[],"categories":[5418,5950],"tags":[7049,5629,125,7523,249,133,5824,7522],"_links":{"self":[{"href":"http:\/\/desarrollo.grupomedios.com\/futbol\/wp-json\/wp\/v2\/posts\/438787"}],"collection":[{"href":"http:\/\/desarrollo.grupomedios.com\/futbol\/wp-json\/wp\/v2\/posts"}],"about":[{"href":"http:\/\/desarrollo.grupomedios.com\/futbol\/wp-json\/wp\/v2\/types\/post"}],"author":[{"embeddable":true,"href":"http:\/\/desarrollo.grupomedios.com\/futbol\/wp-json\/wp\/v2\/users\/20"}],"replies":[{"embeddable":true,"href":"http:\/\/desarrollo.grupomedios.com\/futbol\/wp-json\/wp\/v2\/comments?post=438787"}],"version-history":[{"count":0,"href":"http:\/\/desarrollo.grupomedios.com\/futbol\/wp-json\/wp\/v2\/posts\/438787\/revisions"}],"wp:featuredmedia":[{"embeddable":true,"href":"http:\/\/desarrollo.grupomedios.com\/futbol\/wp-json\/wp\/v2\/media\/438796"}],"wp:attachment":[{"href":"http:\/\/desarrollo.grupomedios.com\/futbol\/wp-json\/wp\/v2\/media?parent=438787"}],"wp:term":[{"taxonomy":"category","embeddable":true,"href":"http:\/\/desarrollo.grupomedios.com\/futbol\/wp-json\/wp\/v2\/categories?post=438787"},{"taxonomy":"post_tag","embeddable":true,"href":"http:\/\/desarrollo.grupomedios.com\/futbol\/wp-json\/wp\/v2\/tags?post=438787"}],"curies":[{"name":"wp","href":"https:\/\/api.w.org\/{rel}","templated":true}]}}