{"id":438822,"date":"2016-10-27T11:59:22","date_gmt":"2016-10-27T16:59:22","guid":{"rendered":"https:\/\/www.futboltotal.com.mx\/?p=438822"},"modified":"2016-10-27T15:40:06","modified_gmt":"2016-10-27T20:40:06","slug":"la-liga-denuncia-insultos-en-valencia-al-barcelona-messi","status":"publish","type":"post","link":"http:\/\/desarrollo.grupomedios.com\/futbol\/futbol-internacional\/la-liga-denuncia-insultos-en-valencia-al-barcelona-messi\/2016\/10","title":{"rendered":"La Liga denuncia insultos en Valencia al Barcelona y Messi"},"content":{"rendered":"<p>La Liga denunci\u00f3 al Comit\u00e9 de Competici\u00f3n de la Federaci\u00f3n Espa\u00f1ola de Futbol (RFEF) y a la Comisi\u00f3n Antiviolencia sobre insultos de los aficionados del <strong>Valencia<\/strong> al <strong>Barcelona<\/strong> y al argentino <strong>Leo Messi<\/strong> y pidi\u00f3 a la RFEF que solicite a la UEFA que impida viajar a los aficionados violentos de clubes extranjeros.<\/p>\n<p>La denuncia de La Liga refleja que en el encuentro entre <strong>Valencia<\/strong> y Bar\u00e7a jugado el d\u00eda 22 en el primer cuarto de hora unos mil aficionados del grupo conocido como &#8220;Curva Nord&#8221; entonaron el c\u00e1ntico &#8220;Oee Oaa, ser del Bar\u00e7a es, ser un subnormal&#8221;, que no secund\u00f3 el resto de la afici\u00f3n.<\/p>\n<p style=\"text-align: center;\"><strong><span style=\"color: #3366ff;\"><a style=\"color: #3366ff;\" href=\"https:\/\/www.futboltotal.com.mx\/2016\/10\/para-owen-y-godin-luis-suarez-es-el-mejor-del-9-mundo\/\">LEER M\u00c1S: Para Owen y God\u00edn, Luis Su\u00e1rez es el mejor 9 del mundo<\/a><\/span><\/strong><\/p>\n<p>Al final del encuentro y durante la celebraci\u00f3n del \u00faltimo gol del <strong>Barcelona<\/strong> de nuevo unos mil espectadores locales del mismo grupo corearon la frase &#8220;Puta Bar\u00e7a y Puta Catalu\u00f1a&#8221;, que s\u00ed fue secundada desde otras zonas del campo, tambi\u00e9n durante unos diez segundos y despu\u00e9s un n\u00famero similar de aficionados lanz\u00f3 insultos a <strong>Leo Messi<\/strong>.<\/p>\n<p>El escrito de La Liga destaca por contra que el <strong>Valencia<\/strong> &#8220;est\u00e1 siendo muy activo contra cualquier tipo de violencia, utilizando todos los medios a su alcance, ya sea en la prevenci\u00f3n de la misma como en la b\u00fasqueda de los posibles autores en los supuestos en que se producen incidentes&#8221;.<\/p>\n<p>Adem\u00e1s de esto La Liga tambi\u00e9n pidi\u00f3 que se re\u00fana la Comisi\u00f3n de Seguridad, Respeto y Tolerancia de la RFEF tras los graves incidentes provocados por aficionados visitantes durante la \u00faltima jornada de la Liga de Campeones y de la Liga Europa en Vigo.<\/p>\n<p style=\"text-align: center;\"><strong><a href=\"https:\/\/www.futboltotal.com.mx\/2016\/10\/aficionados-de-la-premier-league-aprueban-a-futbolistas-gays\/\"><span style=\"color: #3366ff;\">LEER M\u00c1S: Aficionados de la Premier League aprueban a futbolistas gays<\/span><\/a><\/strong><\/p>\n<p>&#8220;Desde La Liga se remiti\u00f3 un escrito a la RFEF, solicitando que se requiera de UEFA la adopci\u00f3n de las medidas necesarias para evitar que este tipo de aficiones dispongan de entradas y que por tanto viajen a otros pa\u00edses sabiendo la alta probabilidad de que provoquen incidentes&#8221;,explic\u00f3 La Liga en un comunicado.<\/p>\n<p>El organismo que preside Javier Tebas reiter\u00f3 que semanalmente comunica a la Comisi\u00f3n de Seguridad, Respeto y Tolerancia de la RFEF los incidentes de car\u00e1cter violento de los que tiene conocimiento y que suceden en cualquier categor\u00eda del futbol espa\u00f1ol y que mantendr\u00e1 esta actitud, por lo que incluy\u00f3 en su denuncia incidentes ocurridos en partidos de categor\u00edas inferiores.<\/p>\n","protected":false},"excerpt":{"rendered":"<p>La Pulga anot\u00f3 doblete en el triunfo blaugrana por 3-2 sobre el Valencia.<\/p>\n","protected":false},"author":144,"featured_media":438824,"comment_status":"closed","ping_status":"closed","sticky":false,"template":"","format":"standard","meta":[],"categories":[3839,3844,5951],"tags":[5984,76,6012,87],"_links":{"self":[{"href":"http:\/\/desarrollo.grupomedios.com\/futbol\/wp-json\/wp\/v2\/posts\/438822"}],"collection":[{"href":"http:\/\/desarrollo.grupomedios.com\/futbol\/wp-json\/wp\/v2\/posts"}],"about":[{"href":"http:\/\/desarrollo.grupomedios.com\/futbol\/wp-json\/wp\/v2\/types\/post"}],"author":[{"embeddable":true,"href":"http:\/\/desarrollo.grupomedios.com\/futbol\/wp-json\/wp\/v2\/users\/144"}],"replies":[{"embeddable":true,"href":"http:\/\/desarrollo.grupomedios.com\/futbol\/wp-json\/wp\/v2\/comments?post=438822"}],"version-history":[{"count":0,"href":"http:\/\/desarrollo.grupomedios.com\/futbol\/wp-json\/wp\/v2\/posts\/438822\/revisions"}],"wp:featuredmedia":[{"embeddable":true,"href":"http:\/\/desarrollo.grupomedios.com\/futbol\/wp-json\/wp\/v2\/media\/438824"}],"wp:attachment":[{"href":"http:\/\/desarrollo.grupomedios.com\/futbol\/wp-json\/wp\/v2\/media?parent=438822"}],"wp:term":[{"taxonomy":"category","embeddable":true,"href":"http:\/\/desarrollo.grupomedios.com\/futbol\/wp-json\/wp\/v2\/categories?post=438822"},{"taxonomy":"post_tag","embeddable":true,"href":"http:\/\/desarrollo.grupomedios.com\/futbol\/wp-json\/wp\/v2\/tags?post=438822"}],"curies":[{"name":"wp","href":"https:\/\/api.w.org\/{rel}","templated":true}]}}