{"id":438829,"date":"2016-10-27T14:03:21","date_gmt":"2016-10-27T19:03:21","guid":{"rendered":"https:\/\/www.futboltotal.com.mx\/?p=438829"},"modified":"2016-10-27T14:08:05","modified_gmt":"2016-10-27T19:08:05","slug":"comentarista-televisa-arremete-contra-martinoli","status":"publish","type":"post","link":"http:\/\/desarrollo.grupomedios.com\/futbol\/cambio-de-juego\/comentarista-televisa-arremete-contra-martinoli\/2016\/10","title":{"rendered":"Comentarista de Televisa arremete contra Martinoli"},"content":{"rendered":"<p>La transmisi\u00f3n de la semifinal de Copa entre Am\u00e9rica y Chivas, desat\u00f3 cualquier cantidad de pol\u00e9mica previo al arranque del partido. Y de ella tom\u00f3 partido el comentarista de <em>Televisa<\/em>, <strong>Miguel Gonz\u00e1lez<\/strong>, quien no repar\u00f3 y expres\u00f3 a trav\u00e9s de su cuenta de twitter que el narrador de <em>TV Azteca<\/em>, Christian Martinoli es un animal.<\/p>\n<p>Antes de comenzar la transmisi\u00f3n del Cl\u00e1sico, Gonz\u00e1lez public\u00f3 un<em> tuit\u00a0<\/em>en el que lanz\u00f3 indirectas burl\u00e1ndose de la televisora del Ajusco, mismo que acompa\u00f1\u00f3 con un controvertido hashtag. A partir de entonces, el comentarista comenz\u00f3 a retuitear los comentarios recibidos por parte de los usuarios y de algunos colegas como Paco Villa, quien tomaron parte de la conversaci\u00f3n.<\/p>\n<p style=\"text-align: center;\"><a href=\"https:\/\/www.futboltotal.com.mx\/2016\/10\/ya-les-amargamos-bastante-centenario-vergara\/\"><span style=\"color: #3366ff;\"><strong>LEER M\u00c1S: Chivas restriega centenariazo al Am\u00e9rica<\/strong><\/span><\/a><\/p>\n<blockquote class=\"twitter-tweet\" data-lang=\"es\">\n<p dir=\"ltr\" lang=\"es\">De verdad, tenemos los cl\u00e1sicos&#8230; De verdad, estaremos en el Azteca&#8230; De verdad, tengo un chingo d amigos y me la pelan <a href=\"https:\/\/twitter.com\/hashtag\/DeVerdadMeLaPelan?src=hash\">#DeVerdadMeLaPelan<\/a><\/p>\n<p>\u2014 Miguel Gonzalez (@mg_michel) <a href=\"https:\/\/twitter.com\/mg_michel\/status\/791399123916247040\">26 de octubre de 2016<\/a><\/p><\/blockquote>\n<p><script async src=\"\/\/platform.twitter.com\/widgets.js\" charset=\"utf-8\"><\/script><\/p>\n<p>Uno de los usuarios expres\u00f3 que ver\u00eda el Cl\u00e1sico por Televisa debido a que &#8220;hay narradores y payasos como en TV Apesta&#8221;. Michelle respondi\u00f3: &#8220;Aqu\u00ed no es circo #DeVerdadMeLaPelan&#8221;. Pero la respuesta m\u00e1s pol\u00e9mica y que lo coloc\u00f3 en el ojo del hurac\u00e1n fue la que dio al usuario Fabi\u00e1n V\u00e1zquez, quien a trav\u00e9s de la cuenta @favvaz10 pregunt\u00f3: &#8220;qui\u00e9n es martinoli? en que circo sale?. Y Gonz\u00e1lez respondi\u00f3: &#8220;En ninguno porque ya no aceptan animales&#8221;.<\/p>\n<blockquote class=\"twitter-tweet\" data-lang=\"es\">\n<p dir=\"ltr\" lang=\"es\">En ninguno porque ya no aceptan animales <a href=\"https:\/\/twitter.com\/hashtag\/DeVerdadMeLaPelan?src=hash\">#DeVerdadMeLaPelan<\/a> <a href=\"https:\/\/t.co\/2SFgIv7Iac\">https:\/\/t.co\/2SFgIv7Iac<\/a><\/p>\n<p>\u2014 Miguel Gonzalez (@mg_michel) <a href=\"https:\/\/twitter.com\/mg_michel\/status\/791444981470760960\">27 de octubre de 2016<\/a><\/p><\/blockquote>\n<p><script async src=\"\/\/platform.twitter.com\/widgets.js\" charset=\"utf-8\"><\/script><\/p>\n","protected":false},"excerpt":{"rendered":"<p>Miguel Gonz\u00e1lez tambi\u00e9n se burlo de TV Azteca previo al Cl\u00e1sico<\/p>\n","protected":false},"author":20,"featured_media":438834,"comment_status":"closed","ping_status":"closed","sticky":false,"template":"","format":"standard","meta":[],"categories":[5419],"tags":[5849,4722,4665],"_links":{"self":[{"href":"http:\/\/desarrollo.grupomedios.com\/futbol\/wp-json\/wp\/v2\/posts\/438829"}],"collection":[{"href":"http:\/\/desarrollo.grupomedios.com\/futbol\/wp-json\/wp\/v2\/posts"}],"about":[{"href":"http:\/\/desarrollo.grupomedios.com\/futbol\/wp-json\/wp\/v2\/types\/post"}],"author":[{"embeddable":true,"href":"http:\/\/desarrollo.grupomedios.com\/futbol\/wp-json\/wp\/v2\/users\/20"}],"replies":[{"embeddable":true,"href":"http:\/\/desarrollo.grupomedios.com\/futbol\/wp-json\/wp\/v2\/comments?post=438829"}],"version-history":[{"count":0,"href":"http:\/\/desarrollo.grupomedios.com\/futbol\/wp-json\/wp\/v2\/posts\/438829\/revisions"}],"wp:featuredmedia":[{"embeddable":true,"href":"http:\/\/desarrollo.grupomedios.com\/futbol\/wp-json\/wp\/v2\/media\/438834"}],"wp:attachment":[{"href":"http:\/\/desarrollo.grupomedios.com\/futbol\/wp-json\/wp\/v2\/media?parent=438829"}],"wp:term":[{"taxonomy":"category","embeddable":true,"href":"http:\/\/desarrollo.grupomedios.com\/futbol\/wp-json\/wp\/v2\/categories?post=438829"},{"taxonomy":"post_tag","embeddable":true,"href":"http:\/\/desarrollo.grupomedios.com\/futbol\/wp-json\/wp\/v2\/tags?post=438829"}],"curies":[{"name":"wp","href":"https:\/\/api.w.org\/{rel}","templated":true}]}}