{"id":438847,"date":"2016-10-29T08:00:17","date_gmt":"2016-10-29T13:00:17","guid":{"rendered":"https:\/\/www.futboltotal.com.mx\/?p=438847"},"modified":"2016-10-30T15:39:21","modified_gmt":"2016-10-30T21:39:21","slug":"edson-puch-cerca-historico-del-necaxa","status":"publish","type":"post","link":"http:\/\/desarrollo.grupomedios.com\/futbol\/videos\/edson-puch-cerca-historico-del-necaxa\/2016\/10","title":{"rendered":"Edson Puch, cerca de ser hist\u00f3rico del Necaxa"},"content":{"rendered":"<p>Despu\u00e9s de 5 a\u00f1os, <a href=\"http:\/\/futboltotal.com.mx\/equipos\/necaxa\/\" target=\"_blank\"><strong>Necaxa<\/strong><\/a> volvi\u00f3 a Primera Divisi\u00f3n, por eso necesitaba analizar bien sus contrataciones, entre las numerosas incorporaciones que hizo, destac\u00f3 el chileno <strong>Edson Puch<\/strong>, quien al principio se impregn\u00f3 del mal inicio de los Rayos, pero todo cambi\u00f3 en la cuarta jornada, porque se ech\u00f3 el equipo al hombro y se destap\u00f3 como el referente ofensivo sobre todo en el octavo compromiso.<\/p>\n<p>El andino hizo\u00a0v\u00edctimas al Am\u00e9rica, Chiapas, Toluca, Tigres y Veracruz; por lo cual est\u00e1 a punto de convertirse en hist\u00f3rico ya que empat\u00f3 a Julio Mar\u00eda Palleiro, Norberto Rozas y Norberto Outes como jugadores que marcaron en cuatro partidos consecutivos y contra Morelia podr\u00eda alcanzar a Sergio Almaguer y Luis Hern\u00e1ndez<\/p>\n<p>[video_player]https:\/\/player.vimeo.com\/external\/189175204.sd.mp4?s=13b9cce7ae78d2cfc30d6e58141a5434a8c1c4c8&amp;profile_id=165[\/video_player]<\/p>\n","protected":false},"excerpt":{"rendered":"<p>El chileno quiere empezar a trascender con los Rayos<\/p>\n","protected":false},"author":20,"featured_media":438849,"comment_status":"closed","ping_status":"closed","sticky":false,"template":"","format":"standard","meta":[],"categories":[2198,3845,4],"tags":[261],"_links":{"self":[{"href":"http:\/\/desarrollo.grupomedios.com\/futbol\/wp-json\/wp\/v2\/posts\/438847"}],"collection":[{"href":"http:\/\/desarrollo.grupomedios.com\/futbol\/wp-json\/wp\/v2\/posts"}],"about":[{"href":"http:\/\/desarrollo.grupomedios.com\/futbol\/wp-json\/wp\/v2\/types\/post"}],"author":[{"embeddable":true,"href":"http:\/\/desarrollo.grupomedios.com\/futbol\/wp-json\/wp\/v2\/users\/20"}],"replies":[{"embeddable":true,"href":"http:\/\/desarrollo.grupomedios.com\/futbol\/wp-json\/wp\/v2\/comments?post=438847"}],"version-history":[{"count":0,"href":"http:\/\/desarrollo.grupomedios.com\/futbol\/wp-json\/wp\/v2\/posts\/438847\/revisions"}],"wp:featuredmedia":[{"embeddable":true,"href":"http:\/\/desarrollo.grupomedios.com\/futbol\/wp-json\/wp\/v2\/media\/438849"}],"wp:attachment":[{"href":"http:\/\/desarrollo.grupomedios.com\/futbol\/wp-json\/wp\/v2\/media?parent=438847"}],"wp:term":[{"taxonomy":"category","embeddable":true,"href":"http:\/\/desarrollo.grupomedios.com\/futbol\/wp-json\/wp\/v2\/categories?post=438847"},{"taxonomy":"post_tag","embeddable":true,"href":"http:\/\/desarrollo.grupomedios.com\/futbol\/wp-json\/wp\/v2\/tags?post=438847"}],"curies":[{"name":"wp","href":"https:\/\/api.w.org\/{rel}","templated":true}]}}